{"id":24520,"date":"2010-06-11T17:21:01","date_gmt":"2010-06-11T17:21:01","guid":{"rendered":"https:\/\/obscom.intervozes.org.br\/wordpress\/?p=24520"},"modified":"2010-06-11T17:21:01","modified_gmt":"2010-06-11T17:21:01","slug":"movimentos-sociais-vao-definir-20-prioridades-para-politicas-da-area","status":"publish","type":"post","link":"https:\/\/obscom.intervozes.org.br\/?p=24520","title":{"rendered":"Movimentos sociais v\u00e3o definir 20 prioridades para pol\u00edticas da \u00e1rea"},"content":{"rendered":"<p>   \t \t \t \t \t<!-- \t\t@page { margin: 2cm } \t\tP { margin-bottom: 0.21cm } \t--> \t  <\/p>\n<p style=\"margin-bottom: 0cm\" class=\"padrao\">Em audi&ecirc;ncia p&uacute;blica na Comiss&atilde;o de Ci&ecirc;ncia, Tecnologia, Comunica&ccedil;&atilde;o e Inform&aacute;tica, a coordenadora do Coletivo Intervozes, Carolina Ribeiro, disse que os movimentos sociais ligados &agrave; democratiza&ccedil;&atilde;o das comunica&ccedil;&otilde;es v&atilde;o selecionar cerca de 20 diretrizes priorit&aacute;rias, entre as 672 sugest&otilde;es aprovadas na 1&ordf; Confer&ecirc;ncia Nacional de Comunica&ccedil;&atilde;o (Confecom), para orientar a formula&ccedil;&atilde;o de pol&iacute;ticas p&uacute;blicas para o setor. A sele&ccedil;&atilde;o ser&aacute; feita em semin&aacute;rio dos movimentos sociais para avaliar o resultado da confer&ecirc;ncia, previsto para o dia 1&deg; de julho.<\/p>\n<p>Ribeiro citou, entre as prioridades do Intervozes, a institui&ccedil;&atilde;o de instrumentos de controle social, o que, para ela, n&atilde;o significa restringir a liberdade de imprensa e de express&atilde;o. &quot;O controle social nada mais &eacute; do que a participa&ccedil;&atilde;o da sociedade na formula&ccedil;&atilde;o de pol&iacute;ticas p&uacute;blicas na &aacute;rea de comunica&ccedil;&atilde;o&quot;, disse. &quot;Al&eacute;m disso, &eacute; o acompanhamento da programa&ccedil;&atilde;o das emissoras de televis&atilde;o, para que n&atilde;o haja, por exemplo, viola&ccedil;&atilde;o de direitos humanos&quot;, acrescentou.<\/p>\n<p>A representante do Intervozes afirmou que, hoje, nenhum &oacute;rg&atilde;o do Estado recebe reclama&ccedil;&otilde;es dos telespectadores sobre a programa&ccedil;&atilde;o. &quot;E n&atilde;o h&aacute; nenhuma proposta tramitando na C&acirc;mara nesse sentido&quot;, complementou.<\/p>\n<p>Ribeiro defendeu ainda a diretriz aprovada na Confecom que pede a regulamenta&ccedil;&atilde;o da proibi&ccedil;&atilde;o a monop&oacute;lios e oligop&oacute;lios nos meios de comunica&ccedil;&atilde;o social, prevista no artigo 220 da Constitui&ccedil;&atilde;o. Ela lembrou que existe proposta em tramita&ccedil;&atilde;o na C&acirc;mara com esse objetivo: o <a href=\"http:\/\/www2.camara.gov.br\/agencia\/noticias\/NAO-INFORMADO\/54581-PROJETO-LIMITA-AUDIENCIA-DE-EMISSORAS-DE-RADIO-E-TV.html\">PL 4026\/04<\/a>, que estabelece limites ao n&uacute;mero de outorgas de radiodifus&atilde;o para a mesma entidade. <\/p>\n<p><strong>Radiodifus&atilde;o<\/strong><\/p>\n<p>Na audi&ecirc;ncia, o coordenador-executivo da Associa&ccedil;&atilde;o Brasileira de Radiodifus&atilde;o Comunit&aacute;ria (Abra&ccedil;o), Jos&eacute; Luiz Nascimento S&oacute;ter, defendeu uma lei geral de radiodifus&atilde;o &#8211; hoje regulada pelo C&oacute;digo Brasileiro de Telecomunica&ccedil;&otilde;es, de 1962. &quot;N&atilde;o queremos uma lei espec&iacute;fica para a radiodifus&atilde;o comunit&aacute;ria, pois n&atilde;o queremos ser jogados em um gueto.&quot;<\/p>\n<p>S&oacute;ter pediu ainda a regulamenta&ccedil;&atilde;o do artigo 223 da Constitui&ccedil;&atilde;o, que estabelece o princ&iacute;pio da complementaridade dos sistemas privado, p&uacute;blico e estatal de r&aacute;dio e TV. J&aacute; o presidente da Associa&ccedil;&atilde;o Brasileira de Canais Comunit&aacute;rios (Abccom), Edivaldo Farias, afirmou que os canais de televis&atilde;o comunit&aacute;ria querem fazer parte, legalmente, da rede p&uacute;blica de comunica&ccedil;&atilde;o, juntamente com a Empresa Brasil de Comunica&ccedil;&atilde;o (EBC).<\/p>\n<p>O assessor especial da Casa Civil da Presid&ecirc;ncia da Rep&uacute;blica, Andr&eacute; Barbosa, por sua vez, defendeu a aprova&ccedil;&atilde;o, pela C&acirc;mara, do PL 4186\/98, que institui novas regras para as r&aacute;dios comunit&aacute;rias. O projeto, do deputado Arnaldo Faria de S&aacute; (PTB-SP), est&aacute; atualmente na Comiss&atilde;o de Ci&ecirc;ncia e Tecnologia. O texto aumenta a pot&ecirc;ncia das r&aacute;dios comunit&aacute;rias; possibilita ao Executivo indicar mais de um canal de radio comunit&aacute;ria para cada localidade; e altera as penas para as infra&ccedil;&otilde;es cometidas pelas emissoras.<\/p>\n<p>&Iacute;ntegra da proposta:<br \/><a href=\"http:\/\/www.camara.gov.br\/internet\/sileg\/Prop_Detalhe.asp?id=20718\" target=\"_blank\">PL-4186\/1998<\/a> <br \/><a href=\"http:\/\/www.camara.gov.br\/internet\/sileg\/Prop_Detalhe.asp?id=261833\" target=\"_blank\">PL-4026\/2004<\/a> <\/p>\n<p><em>Edi&ccedil;&atilde;o &#8211; Daniella Cronemberger<\/em><\/p>\n","protected":false},"excerpt":{"rendered":"<p>Em audi&ecirc;ncia p&uacute;blica na Comiss&atilde;o de Ci&ecirc;ncia, Tecnologia, Comunica&ccedil;&atilde;o e Inform&aacute;tica, a coordenadora do Coletivo Intervozes, Carolina Ribeiro, disse que os movimentos sociais ligados &agrave; democratiza&ccedil;&atilde;o das comunica&ccedil;&otilde;es v&atilde;o selecionar cerca de 20 diretrizes priorit&aacute;rias, entre as 672 sugest&otilde;es aprovadas na 1&ordf; Confer&ecirc;ncia Nacional de Comunica&ccedil;&atilde;o (Confecom), para orientar a formula&ccedil;&atilde;o de pol&iacute;ticas p&uacute;blicas para &hellip; <a href=\"https:\/\/obscom.intervozes.org.br\/?p=24520\" class=\"more-link\">Continue lendo <span class=\"screen-reader-text\">Movimentos sociais v\u00e3o definir 20 prioridades para pol\u00edticas da \u00e1rea<\/span> <span class=\"meta-nav\">&rarr;<\/span><\/a><\/p>\n","protected":false},"author":1,"featured_media":0,"comment_status":"open","ping_status":"open","sticky":false,"template":"","format":"standard","meta":{"footnotes":""},"categories":[40],"tags":[1217],"_links":{"self":[{"href":"https:\/\/obscom.intervozes.org.br\/index.php?rest_route=\/wp\/v2\/posts\/24520"}],"collection":[{"href":"https:\/\/obscom.intervozes.org.br\/index.php?rest_route=\/wp\/v2\/posts"}],"about":[{"href":"https:\/\/obscom.intervozes.org.br\/index.php?rest_route=\/wp\/v2\/types\/post"}],"author":[{"embeddable":true,"href":"https:\/\/obscom.intervozes.org.br\/index.php?rest_route=\/wp\/v2\/users\/1"}],"replies":[{"embeddable":true,"href":"https:\/\/obscom.intervozes.org.br\/index.php?rest_route=%2Fwp%2Fv2%2Fcomments&post=24520"}],"version-history":[{"count":0,"href":"https:\/\/obscom.intervozes.org.br\/index.php?rest_route=\/wp\/v2\/posts\/24520\/revisions"}],"wp:attachment":[{"href":"https:\/\/obscom.intervozes.org.br\/index.php?rest_route=%2Fwp%2Fv2%2Fmedia&parent=24520"}],"wp:term":[{"taxonomy":"category","embeddable":true,"href":"https:\/\/obscom.intervozes.org.br\/index.php?rest_route=%2Fwp%2Fv2%2Fcategories&post=24520"},{"taxonomy":"post_tag","embeddable":true,"href":"https:\/\/obscom.intervozes.org.br\/index.php?rest_route=%2Fwp%2Fv2%2Ftags&post=24520"}],"curies":[{"name":"wp","href":"https:\/\/api.w.org\/{rel}","templated":true}]}}