{"id":24519,"date":"2010-06-11T16:41:09","date_gmt":"2010-06-11T16:41:09","guid":{"rendered":"https:\/\/obscom.intervozes.org.br\/wordpress\/?p=24519"},"modified":"2010-06-11T16:41:09","modified_gmt":"2010-06-11T16:41:09","slug":"congresso-ja-discute-148-propostas-da-conferencia-de-comunicacao","status":"publish","type":"post","link":"https:\/\/obscom.intervozes.org.br\/?p=24519","title":{"rendered":"Congresso j\u00e1 discute 148 propostas da Confer\u00eancia de Comunica\u00e7\u00e3o"},"content":{"rendered":"<p>   \t \t \t \t \t<!-- \t\t@page { margin: 2cm } \t\tP { margin-bottom: 0.21cm } \t--> \t  <\/p>\n<p style=\"margin-bottom: 0cm\" class=\"padrao\">O relat&oacute;rio final da subcomiss&atilde;o criada para acompanhar a 1&ordf; Confer&ecirc;ncia Nacional de Comunica&ccedil;&atilde;o (Confecom) mostra que cerca de 35% (222 propostas) das 641 propostas aprovadas na confer&ecirc;ncia implicam alguma forma de a&ccedil;&atilde;o legislativa no Congresso Nacional. Desse percentual, 2\/3 (148) j&aacute; s&atilde;o alvo de alguma a&ccedil;&atilde;o, como projetos de lei e estudos legislativos, na C&acirc;mara ou no Senado. O relator da subcomiss&atilde;o, que funciona no &acirc;mbito da Comiss&atilde;o de Ci&ecirc;ncia e Tecnologia, Comunica&ccedil;&atilde;o e Inform&aacute;tica, &eacute; o deputado Paulo Henrique Lustosa (PMDB-CE). A vota&ccedil;&atilde;o do relat&oacute;rio estava marcada para esta semana, mas foi adiada.<\/p>\n<p>A 1&ordf; Confecom foi realizada em dezembro de 2009, com a participa&ccedil;&atilde;o de representantes da sociedade civil, de empres&aacute;rios do setor e do Poder P&uacute;blico. O objetivo da confer&ecirc;ncia foi formular diretrizes para as pol&iacute;ticas p&uacute;blicas na &aacute;rea de comunica&ccedil;&atilde;o. A subcomiss&atilde;o na C&acirc;mara, criada no ano passado, acompanhou os preparativos para a realiza&ccedil;&atilde;o da confer&ecirc;ncia e agora avalia a implementa&ccedil;&atilde;o das medidas propostas.<\/p>\n<p>Segundo o relator, a an&aacute;lise da subcomiss&atilde;o avaliou apenas aspectos quantitativos. N&atilde;o foi avaliada a relev&acirc;ncia de cada proposta aprovada. &quot;H&aacute; muitas recomenda&ccedil;&otilde;es voltadas ao Executivo, a &oacute;rg&atilde;os reguladores ou a agentes privados&quot;, explica Lustosa. &quot;As propostas aprovadas pela Confecom s&atilde;o um indicativo das principais preocupa&ccedil;&otilde;es do debate p&uacute;blico acerca da comunica&ccedil;&atilde;o social brasileira&quot;. Segundo ele, os temas de maior peso j&aacute; s&atilde;o objeto de propostas na C&acirc;mara e no Senado.<\/p>\n<p>Confira os principais temas da Confecom e as propostas legislativas em tramita&ccedil;&atilde;o sobre cada assunto:<\/p>\n<p><a href=\"http:\/\/www2.camara.gov.br\/agencia\/noticias\/148744.html?timestamp=1276175393903\" target=\"_blank\">Direitos humanos e de minorias<\/a> <br \/><a href=\"http:\/\/www2.camara.gov.br\/agencia\/noticias\/148745.html?timestamp=1276175561884\" target=\"_blank\">Controle social da m&iacute;dia<\/a> <br \/><a href=\"http:\/\/www2.camara.gov.br\/agencia\/noticias\/148746.html?timestamp=1276175667954\" target=\"_blank\">Radiodifus&atilde;o p&uacute;blica<\/a> <br \/><a href=\"http:\/\/www2.camara.gov.br\/agencia\/noticias\/148747.html?timestamp=1276175830976\" target=\"_blank\">Produ&ccedil;&atilde;o nacional<\/a>  <br \/><a href=\"http:\/\/www2.camara.gov.br\/agencia\/noticias\/148748.html?timestamp=1276175945123\" target=\"_blank\">Converg&ecirc;ncia digital<\/a> <br \/><a href=\"http:\/\/www2.camara.gov.br\/agencia\/noticias\/148749.html?timestamp=1276176030280\" target=\"_blank\">Conte&uacute;do de interesse social<\/a> <br \/><a href=\"http:\/\/www2.camara.gov.br\/agencia\/noticias\/148750.html?timestamp=1276176210383\" target=\"_blank\">Educa&ccedil;&atilde;o profissional<\/a> <br \/><a href=\"http:\/\/www2.camara.gov.br\/agencia\/noticias\/148742.html?timestamp=1276175181631\" target=\"_blank\">&Eacute;tica no jornalismo<\/a> <br \/><a href=\"http:\/\/www2.camara.gov.br\/agencia\/noticias\/148743.html?timestamp=1276175274328\" target=\"_blank\">Proibi&ccedil;&atilde;o de monop&oacute;lios e oligop&oacute;lios<\/a> <\/p>\n","protected":false},"excerpt":{"rendered":"<p>O relat&oacute;rio final da subcomiss&atilde;o criada para acompanhar a 1&ordf; Confer&ecirc;ncia Nacional de Comunica&ccedil;&atilde;o (Confecom) mostra que cerca de 35% (222 propostas) das 641 propostas aprovadas na confer&ecirc;ncia implicam alguma forma de a&ccedil;&atilde;o legislativa no Congresso Nacional. Desse percentual, 2\/3 (148) j&aacute; s&atilde;o alvo de alguma a&ccedil;&atilde;o, como projetos de lei e estudos legislativos, na &hellip; <a href=\"https:\/\/obscom.intervozes.org.br\/?p=24519\" class=\"more-link\">Continue lendo <span class=\"screen-reader-text\">Congresso j\u00e1 discute 148 propostas da Confer\u00eancia de Comunica\u00e7\u00e3o<\/span> <span class=\"meta-nav\">&rarr;<\/span><\/a><\/p>\n","protected":false},"author":1,"featured_media":0,"comment_status":"open","ping_status":"open","sticky":false,"template":"","format":"standard","meta":{"footnotes":""},"categories":[40],"tags":[1217],"_links":{"self":[{"href":"https:\/\/obscom.intervozes.org.br\/index.php?rest_route=\/wp\/v2\/posts\/24519"}],"collection":[{"href":"https:\/\/obscom.intervozes.org.br\/index.php?rest_route=\/wp\/v2\/posts"}],"about":[{"href":"https:\/\/obscom.intervozes.org.br\/index.php?rest_route=\/wp\/v2\/types\/post"}],"author":[{"embeddable":true,"href":"https:\/\/obscom.intervozes.org.br\/index.php?rest_route=\/wp\/v2\/users\/1"}],"replies":[{"embeddable":true,"href":"https:\/\/obscom.intervozes.org.br\/index.php?rest_route=%2Fwp%2Fv2%2Fcomments&post=24519"}],"version-history":[{"count":0,"href":"https:\/\/obscom.intervozes.org.br\/index.php?rest_route=\/wp\/v2\/posts\/24519\/revisions"}],"wp:attachment":[{"href":"https:\/\/obscom.intervozes.org.br\/index.php?rest_route=%2Fwp%2Fv2%2Fmedia&parent=24519"}],"wp:term":[{"taxonomy":"category","embeddable":true,"href":"https:\/\/obscom.intervozes.org.br\/index.php?rest_route=%2Fwp%2Fv2%2Fcategories&post=24519"},{"taxonomy":"post_tag","embeddable":true,"href":"https:\/\/obscom.intervozes.org.br\/index.php?rest_route=%2Fwp%2Fv2%2Ftags&post=24519"}],"curies":[{"name":"wp","href":"https:\/\/api.w.org\/{rel}","templated":true}]}}