{"id":24506,"date":"2010-06-09T17:20:06","date_gmt":"2010-06-09T17:20:06","guid":{"rendered":"https:\/\/obscom.intervozes.org.br\/wordpress\/?p=24506"},"modified":"2010-06-09T17:20:06","modified_gmt":"2010-06-09T17:20:06","slug":"abert-cobra-restricao-de-capital-estrangeiro-em-empresas-jornalisticas","status":"publish","type":"post","link":"https:\/\/obscom.intervozes.org.br\/?p=24506","title":{"rendered":"Abert cobra restri\u00e7\u00e3o de capital estrangeiro em empresas jornal\u00edsticas"},"content":{"rendered":"<p>   \t \t \t \t \t<!-- \t\t@page { margin: 2cm } \t\tP { margin-bottom: 0.21cm } \t--> \t  <\/p>\n<p style=\"margin-bottom: 0cm\" class=\"padrao\">A Abert mant&eacute;m o ataque que vinha fazendo aos ve&iacute;culos de m&iacute;dia ligados a grupos internacionais que atuam no pa&iacute;s. Nesta ter&ccedil;a, 8, a associa&ccedil;&atilde;o de radiodifusores divulgou nota reiterando sua posi&ccedil;&atilde;o e cobrando do Minist&eacute;rio das Comunica&ccedil;&otilde;es a &quot;aplica&ccedil;&atilde;o de restri&ccedil;&otilde;es previstas no Artigo 222 da Constitui&ccedil;&atilde;o Federal&quot;. Vale lembrar, trata-se do artigo que determina que 70% do capital total e votante das empresas jornal&iacute;sticas instaladas no pa&iacute;s devem pertencer a brasileiros natos ou naturalizados h&aacute; mais de dez anos. <\/p>\n<p>O alvo claro da associa&ccedil;&atilde;o &eacute; a atua&ccedil;&atilde;o do portal Terra, ligado ao grupo Telef&ocirc;nica, bem como do grupo portugu&ecirc;s Ongoing, no Brasil. Contudo, pode afetar outros grupos portais como MSN, Yahoo e Google, al&eacute;m de outras empresas de m&iacute;dia internacionais como Reuters, Bloomberg e BBC. <\/p>\n<p>Veja a nota da Abert: <\/p>\n<p>&quot;Diante da aus&ecirc;ncia de provid&ecirc;ncias do Minist&eacute;rio das Comunica&ccedil;&otilde;es contra grupos estrangeiros que controlam s&iacute;tios e portais de conte&uacute;do jornal&iacute;stico no pa&iacute;s, a Associa&ccedil;&atilde;o Brasileira de Emissoras de R&aacute;dio e Televis&atilde;o (Abert) reitera a necessidade de aplica&ccedil;&atilde;o das restri&ccedil;&otilde;es previstas no Artigo 222 da Constitui&ccedil;&atilde;o Federal. <\/p>\n<p>Documento protocolado no &uacute;ltimo dia 31, endere&ccedil;ado ao ministro das Comunica&ccedil;&otilde;es, Jos&eacute; Artur Filardi Leite, adverte sobre consequ&ecirc;ncias da demora da Uni&atilde;o em fiscalizar a a&ccedil;&atilde;o ilegal desses grupos. <\/p>\n<p>Quanto mais tempo se passa sem a fiscaliza&ccedil;&atilde;o adequada mais as empresas infratoras de tais regras se consolidam no mercado e prejudicam aqueles que cumprem integralmente as regras constitucionais. <\/p>\n<p>O Artigo 222 da Constitui&ccedil;&atilde;o determina que 70% do capital total e votante das empresas jornal&iacute;sticas instaladas no pa&iacute;s devem pertencer a brasileiros natos ou naturalizados h&aacute; mais de dez anos. <\/p>\n<p>Esta limita&ccedil;&atilde;o, prevista no texto constitucional, aplica-se a qualquer empresa jornal&iacute;stica, independente do ve&iacute;culo utilizado para transmitir a informa&ccedil;&atilde;o. <\/p>\n<p>Associa&ccedil;&atilde;o Brasileira de Emissoras de R&aacute;dio e Televis&atilde;o &#8211; ABERT&quot;<\/p>\n","protected":false},"excerpt":{"rendered":"<p>A Abert mant&eacute;m o ataque que vinha fazendo aos ve&iacute;culos de m&iacute;dia ligados a grupos internacionais que atuam no pa&iacute;s. Nesta ter&ccedil;a, 8, a associa&ccedil;&atilde;o de radiodifusores divulgou nota reiterando sua posi&ccedil;&atilde;o e cobrando do Minist&eacute;rio das Comunica&ccedil;&otilde;es a &quot;aplica&ccedil;&atilde;o de restri&ccedil;&otilde;es previstas no Artigo 222 da Constitui&ccedil;&atilde;o Federal&quot;. Vale lembrar, trata-se do artigo que &hellip; <a href=\"https:\/\/obscom.intervozes.org.br\/?p=24506\" class=\"more-link\">Continue lendo <span class=\"screen-reader-text\">Abert cobra restri\u00e7\u00e3o de capital estrangeiro em empresas jornal\u00edsticas<\/span> <span class=\"meta-nav\">&rarr;<\/span><\/a><\/p>\n","protected":false},"author":1,"featured_media":0,"comment_status":"open","ping_status":"open","sticky":false,"template":"","format":"standard","meta":{"footnotes":""},"categories":[40],"tags":[1343],"_links":{"self":[{"href":"https:\/\/obscom.intervozes.org.br\/index.php?rest_route=\/wp\/v2\/posts\/24506"}],"collection":[{"href":"https:\/\/obscom.intervozes.org.br\/index.php?rest_route=\/wp\/v2\/posts"}],"about":[{"href":"https:\/\/obscom.intervozes.org.br\/index.php?rest_route=\/wp\/v2\/types\/post"}],"author":[{"embeddable":true,"href":"https:\/\/obscom.intervozes.org.br\/index.php?rest_route=\/wp\/v2\/users\/1"}],"replies":[{"embeddable":true,"href":"https:\/\/obscom.intervozes.org.br\/index.php?rest_route=%2Fwp%2Fv2%2Fcomments&post=24506"}],"version-history":[{"count":0,"href":"https:\/\/obscom.intervozes.org.br\/index.php?rest_route=\/wp\/v2\/posts\/24506\/revisions"}],"wp:attachment":[{"href":"https:\/\/obscom.intervozes.org.br\/index.php?rest_route=%2Fwp%2Fv2%2Fmedia&parent=24506"}],"wp:term":[{"taxonomy":"category","embeddable":true,"href":"https:\/\/obscom.intervozes.org.br\/index.php?rest_route=%2Fwp%2Fv2%2Fcategories&post=24506"},{"taxonomy":"post_tag","embeddable":true,"href":"https:\/\/obscom.intervozes.org.br\/index.php?rest_route=%2Fwp%2Fv2%2Ftags&post=24506"}],"curies":[{"name":"wp","href":"https:\/\/api.w.org\/{rel}","templated":true}]}}