{"id":24502,"date":"2010-06-08T19:05:23","date_gmt":"2010-06-08T19:05:23","guid":{"rendered":"https:\/\/obscom.intervozes.org.br\/wordpress\/?p=24502"},"modified":"2010-06-08T19:05:23","modified_gmt":"2010-06-08T19:05:23","slug":"forum-brasil-digital-sera-instituido-quarta-feira-23","status":"publish","type":"post","link":"https:\/\/obscom.intervozes.org.br\/?p=24502","title":{"rendered":"F\u00f3rum Brasil Digital ser\u00e1 institu\u00eddo quarta-feira, 23"},"content":{"rendered":"<p>   \t \t \t \t \t<!-- \t\t@page { margin: 2cm } \t\tP { margin-bottom: 0.21cm } \t--> \t  <\/p>\n<p style=\"margin-bottom: 0cm\" class=\"padrao\"><strong>Reproduzido do TeleTime News<\/strong><\/p>\n<p>O coordenador de inclus&atilde;o digital da presid&ecirc;ncia da Rep&uacute;blica, C&eacute;sar Alvarez, informou nesta segunda-feira, 7, que a primeira reuni&atilde;o do F&oacute;rum Brasil Digital acontecer&aacute; na quarta-feira, dia 23 &agrave;s 10h30 com a presen&ccedil;a do presidente Lula. O F&oacute;rum Brasil Digital &eacute; uma mesa permanente de discuss&atilde;o que o governo criou junto com o Plano Nacional de Banda Larga com o objetivo de definir junto com a sociedade as a&ccedil;&otilde;es de m&eacute;dio e longo prazo que ser&atilde;o tomadas no &acirc;mbito PNBL. <\/p>\n<p>Alvarez estima que o F&oacute;rum ser&aacute; composto por cerca de 30 entidades civis, divididas em basicamente tr&ecirc;s agrupamentos. Entidades que representam governos estaduais e municipais, entidades ligadas a telecomunica&ccedil;&otilde;es (que atuam na defesa dos direitos dos consumidores e ligadas &agrave; inclus&atilde;o digital) e aquelas que representam os empres&aacute;rios. Alvarez afirma que outras formas de intera&ccedil;&atilde;o com a sociedade poder&atilde;o ser criadas para atender aquelas entidades que n&atilde;o puderam ser acomodadas no F&oacute;rum Brasil. &quot;Entidades v&atilde;o ficar de fora. Vamos ter que criar um site, porque quanto mais gente souber o que estamos dicutindo, melhor&quot;, afirma Alvarez em entrevista concedida nesta segunda-feira, 7, na sede da Abinee. <em>(Da Reda&ccedil;&atilde;o)<\/em><\/p>\n","protected":false},"excerpt":{"rendered":"<p>Reproduzido do TeleTime News O coordenador de inclus&atilde;o digital da presid&ecirc;ncia da Rep&uacute;blica, C&eacute;sar Alvarez, informou nesta segunda-feira, 7, que a primeira reuni&atilde;o do F&oacute;rum Brasil Digital acontecer&aacute; na quarta-feira, dia 23 &agrave;s 10h30 com a presen&ccedil;a do presidente Lula. O F&oacute;rum Brasil Digital &eacute; uma mesa permanente de discuss&atilde;o que o governo criou junto &hellip; <a href=\"https:\/\/obscom.intervozes.org.br\/?p=24502\" class=\"more-link\">Continue lendo <span class=\"screen-reader-text\">F\u00f3rum Brasil Digital ser\u00e1 institu\u00eddo quarta-feira, 23<\/span> <span class=\"meta-nav\">&rarr;<\/span><\/a><\/p>\n","protected":false},"author":1,"featured_media":0,"comment_status":"open","ping_status":"open","sticky":false,"template":"","format":"standard","meta":{"footnotes":""},"categories":[39],"tags":[],"_links":{"self":[{"href":"https:\/\/obscom.intervozes.org.br\/index.php?rest_route=\/wp\/v2\/posts\/24502"}],"collection":[{"href":"https:\/\/obscom.intervozes.org.br\/index.php?rest_route=\/wp\/v2\/posts"}],"about":[{"href":"https:\/\/obscom.intervozes.org.br\/index.php?rest_route=\/wp\/v2\/types\/post"}],"author":[{"embeddable":true,"href":"https:\/\/obscom.intervozes.org.br\/index.php?rest_route=\/wp\/v2\/users\/1"}],"replies":[{"embeddable":true,"href":"https:\/\/obscom.intervozes.org.br\/index.php?rest_route=%2Fwp%2Fv2%2Fcomments&post=24502"}],"version-history":[{"count":0,"href":"https:\/\/obscom.intervozes.org.br\/index.php?rest_route=\/wp\/v2\/posts\/24502\/revisions"}],"wp:attachment":[{"href":"https:\/\/obscom.intervozes.org.br\/index.php?rest_route=%2Fwp%2Fv2%2Fmedia&parent=24502"}],"wp:term":[{"taxonomy":"category","embeddable":true,"href":"https:\/\/obscom.intervozes.org.br\/index.php?rest_route=%2Fwp%2Fv2%2Fcategories&post=24502"},{"taxonomy":"post_tag","embeddable":true,"href":"https:\/\/obscom.intervozes.org.br\/index.php?rest_route=%2Fwp%2Fv2%2Ftags&post=24502"}],"curies":[{"name":"wp","href":"https:\/\/api.w.org\/{rel}","templated":true}]}}