{"id":24501,"date":"2010-06-08T18:48:17","date_gmt":"2010-06-08T18:48:17","guid":{"rendered":"https:\/\/obscom.intervozes.org.br\/wordpress\/?p=24501"},"modified":"2010-06-08T18:48:17","modified_gmt":"2010-06-08T18:48:17","slug":"cctci-avalia-desdobramentos-da-conferencia-de-comunicacao","status":"publish","type":"post","link":"https:\/\/obscom.intervozes.org.br\/?p=24501","title":{"rendered":"CCTCI avalia desdobramentos da confer\u00eancia de comunica\u00e7\u00e3o"},"content":{"rendered":"<p>   \t \t \t \t \t<!-- \t\t@page { margin: 2cm } \t\tP { margin-bottom: 0.21cm } \t--> \t  <\/p>\n<p style=\"margin-bottom: 0cm\" class=\"western\"><span class=\"padrao\"><strong>Reproduzido da Ag&ecirc;ncia C&acirc;mara<\/strong><\/p>\n<p>A Comiss&atilde;o de Ci&ecirc;ncia e Tecnologia, Comunica&ccedil;&atilde;o e Inform&aacute;tica realiza nesta quinta-feira (10) audi&ecirc;ncia p&uacute;blica para debater a implementa&ccedil;&atilde;o das propostas aprovadas pela 1&ordf; Confer&ecirc;ncia Nacional de Comunica&ccedil;&atilde;o (Confecom), realizada em dezembro do ano passado.<\/p>\n<p>A iniciativa partiu da deputada Luiza Erundina (PSB-SP). Ela pretende avaliar com os v&aacute;rios segmentos os desdobramentos da Confecom, que aprovou 672 resolu&ccedil;&otilde;es resultantes de debates sobre o direito &agrave; comunica&ccedil;&atilde;o. Segundo a deputada, a efetiva&ccedil;&atilde;o de muitas dessas resolu&ccedil;&otilde;es depender&aacute; de iniciativas dos poderes Executivo ou Legislativo.<\/p>\n<p>Foram convidados: <br \/>&#8211; o ministro das Comunica&ccedil;&otilde;es, Jos&eacute; Artur Filardi Leite; <br \/>&#8211; o ministro da Cultura, Jo&atilde;o Luiz Silva Ferreira; <br \/>&#8211; o ministro-chefe da Secretaria de Comunica&ccedil;&atilde;o Social da Presid&ecirc;ncia da Rep&uacute;blica, Franklin Martins; <br \/>&#8211; o assessor especial da Casa Civil da Presid&ecirc;ncia da Rep&uacute;blica Andr&eacute; Barbosa;<br \/>&#8211; o presidente da Associa&ccedil;&atilde;o Brasileira de Telecomunica&ccedil;&otilde;es (Telebrasil), Ant&ocirc;nio Carlos Valente da Silva; <br \/>&#8211; o presidente da Associa&ccedil;&atilde;o Brasileira de Radiodifusores (Abra), Amilcare Dallevo J&uacute;nior; <br \/>&#8211; o coordenador-geral do F&oacute;rum Nacional pela Democratiza&ccedil;&atilde;o da Comunica&ccedil;&atilde;o (FNDC), Celso Schr&ouml;der; <br \/>&#8211; o diretor do Coletivo Brasil de Comunica&ccedil;&atilde;o Social (Intervozes), Jonas Valente;<br \/>&#8211; a presidente da Associa&ccedil;&atilde;o Brasileira das Emissoras P&uacute;blicas, Educativas e Culturais (Abepec), Regina Lima; <br \/>&#8211; o coordenador-executivo da Associa&ccedil;&atilde;o Brasileira de Radiodifus&atilde;o Comunit&aacute;ria (Abra&ccedil;o), Jos&eacute; Luiz Nascimento S&oacute;ter; <br \/>&#8211; o presidente da Associa&ccedil;&atilde;o Brasileira de Canais Comunit&aacute;rios (Abccom), Edivaldo Farias;    \t \t \t \t<\/span> \t<!-- \t\t@page { margin: 2cm } \t\tP { margin-bottom: 0.21cm } \t--> \t  <\/p>\n<p style=\"margin-bottom: 0cm\" class=\"padrao\">A Comiss&atilde;o de Ci&ecirc;ncia e Tecnologia, Comunica&ccedil;&atilde;o e Inform&aacute;tica realiza nesta quinta-feira (10) audi&ecirc;ncia p&uacute;blica para debater a implementa&ccedil;&atilde;o das propostas aprovadas pela 1&ordf; Confer&ecirc;ncia Nacional de Comunica&ccedil;&atilde;o (Confecom), realizada em dezembro do ano passado.<\/p>\n<p>A iniciativa partiu da deputada Luiza Erundina (PSB-SP). Ela pretende avaliar com os v&aacute;rios segmentos os desdobramentos da Confecom, que aprovou 672 resolu&ccedil;&otilde;es resultantes de debates sobre o direito &agrave; comunica&ccedil;&atilde;o. Segundo a deputada, a efetiva&ccedil;&atilde;o de muitas dessas resolu&ccedil;&otilde;es depender&aacute; de iniciativas dos poderes Executivo ou Legislativo.<\/p>\n<p>Foram convidados: <br \/>&#8211; o ministro das Comunica&ccedil;&otilde;es, Jos&eacute; Artur Filardi Leite; <br \/>&#8211; o ministro da Cultura, Jo&atilde;o Luiz Silva Ferreira; <br \/>&#8211; o ministro-chefe da Secretaria de Comunica&ccedil;&atilde;o Social da Presid&ecirc;ncia da Rep&uacute;blica, Franklin Martins; <br \/>&#8211; o assessor especial da Casa Civil da Presid&ecirc;ncia da Rep&uacute;blica Andr&eacute; Barbosa;<br \/>&#8211; o presidente da Associa&ccedil;&atilde;o Brasileira de Telecomunica&ccedil;&otilde;es (Telebrasil), Ant&ocirc;nio Carlos Valente da Silva; <br \/>&#8211; o presidente da Associa&ccedil;&atilde;o Brasileira de Radiodifusores (Abra), Amilcare Dallevo J&uacute;nior; <br \/>&#8211; o coordenador-geral do F&oacute;rum Nacional pela Democratiza&ccedil;&atilde;o da Comunica&ccedil;&atilde;o (FNDC), Celso Schr&ouml;der; <br \/>&#8211; o diretor do Coletivo Brasil de Comunica&ccedil;&atilde;o Social (Intervozes), Jonas Valente;<br \/>&#8211; a presidente da Associa&ccedil;&atilde;o Brasileira das Emissoras P&uacute;blicas, Educativas e Culturais (Abepec), Regina Lima; <br \/>&#8211; o coordenador-executivo da Associa&ccedil;&atilde;o Brasileira de Radiodifus&atilde;o Comunit&aacute;ria (Abra&ccedil;o), Jos&eacute; Luiz Nascimento S&oacute;ter; <br \/>&#8211; o presidente da Associa&ccedil;&atilde;o Brasileira de Canais Comunit&aacute;rios (Abccom), Edivaldo Farias; <br \/>&#8211; o coordenador da Federa&ccedil;&atilde;o Interestadual dos Trabalhadores em Radiodifus&atilde;o e Televis&atilde;o (Fitert), Nascimento Silva.<\/p>\n<p>A audi&ecirc;ncia ser&aacute; realizada &agrave;s 9h30 no plen&aacute;rio 13.<\/p>\n<p> <span class=\"padrao\"><br \/>&#8211; o coordenador da Federa&ccedil;&atilde;o Interestadual dos Trabalhadores em Radiodifus&atilde;o e Televis&atilde;o (Fitert), Nascimento Silva.<\/p>\n<p>A audi&ecirc;ncia ser&aacute; realizada &agrave;s 9h30 no plen&aacute;rio 13. <strong>(Da Reda&ccedil;&atilde;o)<\/strong><br \/><\/span><\/p>\n<p>&nbsp;<\/p>\n","protected":false},"excerpt":{"rendered":"<p>Reproduzido da Ag&ecirc;ncia C&acirc;mara A Comiss&atilde;o de Ci&ecirc;ncia e Tecnologia, Comunica&ccedil;&atilde;o e Inform&aacute;tica realiza nesta quinta-feira (10) audi&ecirc;ncia p&uacute;blica para debater a implementa&ccedil;&atilde;o das propostas aprovadas pela 1&ordf; Confer&ecirc;ncia Nacional de Comunica&ccedil;&atilde;o (Confecom), realizada em dezembro do ano passado. A iniciativa partiu da deputada Luiza Erundina (PSB-SP). Ela pretende avaliar com os v&aacute;rios segmentos os &hellip; <a href=\"https:\/\/obscom.intervozes.org.br\/?p=24501\" class=\"more-link\">Continue lendo <span class=\"screen-reader-text\">CCTCI avalia desdobramentos da confer\u00eancia de comunica\u00e7\u00e3o<\/span> <span class=\"meta-nav\">&rarr;<\/span><\/a><\/p>\n","protected":false},"author":1,"featured_media":0,"comment_status":"open","ping_status":"open","sticky":false,"template":"","format":"standard","meta":{"footnotes":""},"categories":[39],"tags":[],"_links":{"self":[{"href":"https:\/\/obscom.intervozes.org.br\/index.php?rest_route=\/wp\/v2\/posts\/24501"}],"collection":[{"href":"https:\/\/obscom.intervozes.org.br\/index.php?rest_route=\/wp\/v2\/posts"}],"about":[{"href":"https:\/\/obscom.intervozes.org.br\/index.php?rest_route=\/wp\/v2\/types\/post"}],"author":[{"embeddable":true,"href":"https:\/\/obscom.intervozes.org.br\/index.php?rest_route=\/wp\/v2\/users\/1"}],"replies":[{"embeddable":true,"href":"https:\/\/obscom.intervozes.org.br\/index.php?rest_route=%2Fwp%2Fv2%2Fcomments&post=24501"}],"version-history":[{"count":0,"href":"https:\/\/obscom.intervozes.org.br\/index.php?rest_route=\/wp\/v2\/posts\/24501\/revisions"}],"wp:attachment":[{"href":"https:\/\/obscom.intervozes.org.br\/index.php?rest_route=%2Fwp%2Fv2%2Fmedia&parent=24501"}],"wp:term":[{"taxonomy":"category","embeddable":true,"href":"https:\/\/obscom.intervozes.org.br\/index.php?rest_route=%2Fwp%2Fv2%2Fcategories&post=24501"},{"taxonomy":"post_tag","embeddable":true,"href":"https:\/\/obscom.intervozes.org.br\/index.php?rest_route=%2Fwp%2Fv2%2Ftags&post=24501"}],"curies":[{"name":"wp","href":"https:\/\/api.w.org\/{rel}","templated":true}]}}