{"id":24495,"date":"2010-06-02T16:55:40","date_gmt":"2010-06-02T16:55:40","guid":{"rendered":"https:\/\/obscom.intervozes.org.br\/wordpress\/?p=24495"},"modified":"2010-06-02T16:55:40","modified_gmt":"2010-06-02T16:55:40","slug":"telefonica-eleva-oferta-por-participacao-na-vivo","status":"publish","type":"post","link":"https:\/\/obscom.intervozes.org.br\/?p=24495","title":{"rendered":"Telef\u00f3nica eleva oferta por participa\u00e7\u00e3o na Vivo"},"content":{"rendered":"<p> \t \t \t \t<!-- \t\t@page { margin: 2cm } \t\tP { margin-bottom: 0.21cm } \t--> \t   <\/p>\n<p style=\"margin-bottom: 0cm\" class=\"padrao\"><strong>Reproduzido do TeleTime News <\/strong><\/p>\n<p style=\"margin-bottom: 0cm\" class=\"padrao\">&nbsp;<\/p>\n<p style=\"margin-bottom: 0cm\" class=\"padrao\"><em>T&iacute;tulo original:&nbsp; \t   \tTelef&oacute;nica eleva a oferta e prop&otilde;e sair do capital da PT  <\/em><\/p>\n<p style=\"margin-bottom: 0cm\" class=\"padrao\"> \t \t \t<!-- \t\t@page { margin: 2cm } \t\tP { margin-bottom: 0.21cm } \t-->  <\/p>\n<p style=\"margin-bottom: 0cm\" class=\"western\">&nbsp;<\/p>\n<p style=\"margin-bottom: 0cm\" class=\"western\"><span class=\"padrao\">A Telef&oacute;nica deu mais um cartada na tentativa de adquirir a participa&ccedil;&atilde;o que a Portugal Telecom tem na Brasilcel, sociedade que controla a Vivo e &eacute; detida em partes iguais por ambas as empresas. Al&eacute;m de elevar a oferta para 6,5 bilh&otilde;es de euros, o grupo espanhol d&aacute; aos portugueses a chance de venderem o ativo de imediato ou em fases, dentro de um prazo de tr&ecirc;s anos. <\/p>\n<p>Em caso de aceita&ccedil;&atilde;o da oferta, a Telef&oacute;nica concede &agrave; PT &ndash; ou &agrave; alguma sociedade por ela indicada &#8211; o direito de adquirir a participa&ccedil;&atilde;o que a Telef&oacute;nica tem na Portugal Telecom. A venda da participa&ccedil;&atilde;o da Telef&oacute;nica seguiria o mesmo modelo que a compra da parcela da PT na Brasicel, em fases ou de imediato. &quot;A oferta poder&aacute; ser exercida imediatamente ou em fases, durante tr&ecirc;s anos, por um pre&ccedil;o equivalente a m&eacute;dia da cota&ccedil;&atilde;o das a&ccedil;&otilde;es da PT na Euronext Lisbon em um determinado per&iacute;odo posterior &agrave; presente data&quot;, diz comunicado da Portugal Telecom enviado &agrave; CMVM, o &oacute;rg&atilde;o que regula o mercado de a&ccedil;&otilde;es em Portugal. A Telef&oacute;nica &eacute; o maior acionista da PT com uma participa&ccedil;&atilde;o de 10%, o equivalente a cerca de 760 milh&otilde;es de euros. <\/p>\n<p>O conselho de administra&ccedil;&atilde;o da PT j&aacute; se reuniu nesta ter&ccedil;a-feira, 1, e deliberou pela a convoca&ccedil;&atilde;o de uma assembleia geral de acionistas para discutir a proposta. A Telef&oacute;nica tem esperan&ccedil;as de que a decis&atilde;o sendo tomada pelo conjunto dos acionista possa ser favor&aacute;vel &agrave; venda e, por isso, vinha reivindicando a convoca&ccedil;&atilde;o da assembleia desde a recusa pelo conselho de administra&ccedil;&atilde;o da oferta anterior, de 5,7 bilh&otilde;es de euros. Como o conselho da PT aceitou em convocar a assembl&eacute;ia, esta nova oferta que &eacute; v&aacute;lida at&eacute; o dia 30 de junho poder&aacute; ser prorrogada. <\/p>\n<p>De acordo com o comunicado da PT, entretanto, &quot;a oferta n&atilde;o reflete o valor estrat&eacute;gico deste ativo&quot;. O conselho de administra&ccedil;&atilde;o da PT destacou tr&ecirc;s executivos para negociarem a proposta junto &agrave; Telef&ocirc;nica at&eacute; a data da realiza&ccedil;&atilde;o da assembleia: o chairman, Henrique Granadeiro; o Chief Executive Officer (CEO), Zeinal Bava; e o Chief Financial Officer (CFO), Pacheco de Melo. <em>(Helton Posseti)<\/em><\/span><\/p>\n","protected":false},"excerpt":{"rendered":"<p>Reproduzido do TeleTime News &nbsp; T&iacute;tulo original:&nbsp; Telef&oacute;nica eleva a oferta e prop&otilde;e sair do capital da PT &nbsp; A Telef&oacute;nica deu mais um cartada na tentativa de adquirir a participa&ccedil;&atilde;o que a Portugal Telecom tem na Brasilcel, sociedade que controla a Vivo e &eacute; detida em partes iguais por ambas as empresas. Al&eacute;m de &hellip; <a href=\"https:\/\/obscom.intervozes.org.br\/?p=24495\" class=\"more-link\">Continue lendo <span class=\"screen-reader-text\">Telef\u00f3nica eleva oferta por participa\u00e7\u00e3o na Vivo<\/span> <span class=\"meta-nav\">&rarr;<\/span><\/a><\/p>\n","protected":false},"author":1,"featured_media":0,"comment_status":"open","ping_status":"open","sticky":false,"template":"","format":"standard","meta":{"footnotes":""},"categories":[39],"tags":[],"_links":{"self":[{"href":"https:\/\/obscom.intervozes.org.br\/index.php?rest_route=\/wp\/v2\/posts\/24495"}],"collection":[{"href":"https:\/\/obscom.intervozes.org.br\/index.php?rest_route=\/wp\/v2\/posts"}],"about":[{"href":"https:\/\/obscom.intervozes.org.br\/index.php?rest_route=\/wp\/v2\/types\/post"}],"author":[{"embeddable":true,"href":"https:\/\/obscom.intervozes.org.br\/index.php?rest_route=\/wp\/v2\/users\/1"}],"replies":[{"embeddable":true,"href":"https:\/\/obscom.intervozes.org.br\/index.php?rest_route=%2Fwp%2Fv2%2Fcomments&post=24495"}],"version-history":[{"count":0,"href":"https:\/\/obscom.intervozes.org.br\/index.php?rest_route=\/wp\/v2\/posts\/24495\/revisions"}],"wp:attachment":[{"href":"https:\/\/obscom.intervozes.org.br\/index.php?rest_route=%2Fwp%2Fv2%2Fmedia&parent=24495"}],"wp:term":[{"taxonomy":"category","embeddable":true,"href":"https:\/\/obscom.intervozes.org.br\/index.php?rest_route=%2Fwp%2Fv2%2Fcategories&post=24495"},{"taxonomy":"post_tag","embeddable":true,"href":"https:\/\/obscom.intervozes.org.br\/index.php?rest_route=%2Fwp%2Fv2%2Ftags&post=24495"}],"curies":[{"name":"wp","href":"https:\/\/api.w.org\/{rel}","templated":true}]}}