{"id":24480,"date":"2010-05-27T18:26:58","date_gmt":"2010-05-27T18:26:58","guid":{"rendered":"https:\/\/obscom.intervozes.org.br\/wordpress\/?p=24480"},"modified":"2014-09-07T03:00:07","modified_gmt":"2014-09-07T03:00:07","slug":"stf-adia-inicio-do-julgamento-de-acao-que-questiona-decreto-da-tv-digital","status":"publish","type":"post","link":"https:\/\/obscom.intervozes.org.br\/?p=24480","title":{"rendered":"STF adia in\u00edcio do julgamento de a\u00e7\u00e3o que questiona decreto da TV digital"},"content":{"rendered":"<p>A sess&atilde;o do plen&aacute;rio do Supremo Tribunal Federal de hoje (26) foi encerrada sem que a A&ccedil;&atilde;o Direta de Inconstitucionalidade 3944, que questiona a validade de artigos do decreto que estabelece regras para a implanta&ccedil;&atilde;o da TV digital, fosse julgada. Por conta da extensa lista de processos sendo julgados, n&atilde;o houve tempo para que se iniciasse a aprecia&ccedil;&atilde;o da Adin. <\/p>\n<p>A a&ccedil;&atilde;o segue na pauta do STF. Por&eacute;m, ainda n&atilde;o h&aacute; data prevista para que seja iniciado o julgamento. O plen&aacute;rio do Supremo se re&uacute;ne novamente na semana que vem.<\/p>\n<p>A Adin, iniciada pelo PSOL, questiona o fato de o Decreto 5.820\/2006 consignar canais &agrave;s atuais emissoras sem respeitar os tr&acirc;mites constitucionais. Al&eacute;m disso, o decreto &eacute; questionado por n&atilde;o promover a diversidade na m&iacute;dia, ao n&atilde;o permitir que novos atores ingressem no sistema de radiodifus&atilde;o, o que estaria em desacordo com a Constitui&ccedil;&atilde;o, que pro&iacute;be o monop&oacute;lio e o oligop&oacute;lio no setor.<\/p>\n<p><a href=\"http:\/\/localhost\/intervozes_direitoacomunicacao\/wordpress\/?p=24470\">Para saber mais sobre a a&ccedil;&atilde;o, clique aqui.<\/a> <\/p>\n<p><a href=\"content.php?option=com_docman&amp;task=search_result&amp;Itemid=99999999\">Veja documentos relacionados &agrave; Adin. Clique aqui.<\/a><\/p>\n","protected":false},"excerpt":{"rendered":"<p>A sess&atilde;o do plen&aacute;rio do Supremo Tribunal Federal de hoje (26) foi encerrada sem que a A&ccedil;&atilde;o Direta de Inconstitucionalidade 3944, que questiona a validade de artigos do decreto que estabelece regras para a implanta&ccedil;&atilde;o da TV digital, fosse julgada. Por conta da extensa lista de processos sendo julgados, n&atilde;o houve tempo para que se &hellip; <a href=\"https:\/\/obscom.intervozes.org.br\/?p=24480\" class=\"more-link\">Continue lendo <span class=\"screen-reader-text\">STF adia in\u00edcio do julgamento de a\u00e7\u00e3o que questiona decreto da TV digital<\/span> <span class=\"meta-nav\">&rarr;<\/span><\/a><\/p>\n","protected":false},"author":1,"featured_media":0,"comment_status":"open","ping_status":"open","sticky":false,"template":"","format":"standard","meta":{"footnotes":""},"categories":[39],"tags":[],"_links":{"self":[{"href":"https:\/\/obscom.intervozes.org.br\/index.php?rest_route=\/wp\/v2\/posts\/24480"}],"collection":[{"href":"https:\/\/obscom.intervozes.org.br\/index.php?rest_route=\/wp\/v2\/posts"}],"about":[{"href":"https:\/\/obscom.intervozes.org.br\/index.php?rest_route=\/wp\/v2\/types\/post"}],"author":[{"embeddable":true,"href":"https:\/\/obscom.intervozes.org.br\/index.php?rest_route=\/wp\/v2\/users\/1"}],"replies":[{"embeddable":true,"href":"https:\/\/obscom.intervozes.org.br\/index.php?rest_route=%2Fwp%2Fv2%2Fcomments&post=24480"}],"version-history":[{"count":1,"href":"https:\/\/obscom.intervozes.org.br\/index.php?rest_route=\/wp\/v2\/posts\/24480\/revisions"}],"predecessor-version":[{"id":28128,"href":"https:\/\/obscom.intervozes.org.br\/index.php?rest_route=\/wp\/v2\/posts\/24480\/revisions\/28128"}],"wp:attachment":[{"href":"https:\/\/obscom.intervozes.org.br\/index.php?rest_route=%2Fwp%2Fv2%2Fmedia&parent=24480"}],"wp:term":[{"taxonomy":"category","embeddable":true,"href":"https:\/\/obscom.intervozes.org.br\/index.php?rest_route=%2Fwp%2Fv2%2Fcategories&post=24480"},{"taxonomy":"post_tag","embeddable":true,"href":"https:\/\/obscom.intervozes.org.br\/index.php?rest_route=%2Fwp%2Fv2%2Ftags&post=24480"}],"curies":[{"name":"wp","href":"https:\/\/api.w.org\/{rel}","templated":true}]}}