{"id":24476,"date":"2010-05-27T17:22:17","date_gmt":"2010-05-27T17:22:17","guid":{"rendered":"https:\/\/obscom.intervozes.org.br\/wordpress\/?p=24476"},"modified":"2010-05-27T17:22:17","modified_gmt":"2010-05-27T17:22:17","slug":"forum-debatera-regime-de-prestacao-de-acesso-a-internet","status":"publish","type":"post","link":"https:\/\/obscom.intervozes.org.br\/?p=24476","title":{"rendered":"F\u00f3rum debater\u00e1 regime de presta\u00e7\u00e3o de acesso \u00e0 internet"},"content":{"rendered":"<p>   \t \t \t \t \t<!-- \t\t@page { margin: 2cm } \t\tP { margin-bottom: 0.21cm } \t--> \t  <\/p>\n<p style=\"margin-bottom: 0cm\" class=\"padrao\">O debate sobre o regime de presta&ccedil;&atilde;o do servi&ccedil;o de banda larga &ndash; se p&uacute;blico ou privado &ndash; deve ser retomado no F&oacute;rum Brasil Digital, que ir&aacute; congregar setor p&uacute;blico, empresas e cidad&atilde;os, visando formular metas de a&ccedil;&atilde;o do Plano Nacional de Banda Larga (PNBL). &Eacute; o que acredita o presidente da Telebr&aacute;s, Rog&eacute;rio Santannna. Ele disse que o tema foi evitado antes da cria&ccedil;&atilde;o do plano para evitar atrasos ainda maiores.<\/p>\n<p>&ldquo;Se fossemos esperar que a Anatel formatasse a reclassifica&ccedil;&atilde;o do acesso &agrave; internet para servi&ccedil;o prestado em regime p&uacute;blico, com a consequente consulta p&uacute;blica e reavalia&ccedil;&atilde;o da proposta, ter&iacute;amos que esperar mais dois anos para lan&ccedil;ar o PNBL&rdquo;, justificou. Santanna acha que a falta de obriga&ccedil;&otilde;es n&atilde;o impede a universaliza&ccedil;&atilde;o, como no caso da telefonia m&oacute;vel, servi&ccedil;o prestado em regime provado que atinge a uma parcela maior da popula&ccedil;&atilde;o.<\/p>\n<p>Para Santanna, o que faz a melhoria de um servi&ccedil;o &eacute; a competi&ccedil;&atilde;o. Ele disse que a regula&ccedil;&atilde;o por si s&oacute; n&atilde;o resolve o problema de universaliza&ccedil;&atilde;o, como j&aacute; se verificou em outros pa&iacute;ses. Nesse sentido, v&ecirc; de pouca utilidade a reclassifica&ccedil;&atilde;o do servi&ccedil;o de banda larga. &ldquo;O que o setor precisa &eacute; de capitalismo, o que o PNBL vai resolver&rdquo;, disse.<\/p>\n<p>Santanna foi um dos palestrantes do Encontro Especial Teles.S&iacute;ntese, promovido hoje em Bras&iacute;lia pela Momento Editorial.<\/p>\n","protected":false},"excerpt":{"rendered":"<p>O debate sobre o regime de presta&ccedil;&atilde;o do servi&ccedil;o de banda larga &ndash; se p&uacute;blico ou privado &ndash; deve ser retomado no F&oacute;rum Brasil Digital, que ir&aacute; congregar setor p&uacute;blico, empresas e cidad&atilde;os, visando formular metas de a&ccedil;&atilde;o do Plano Nacional de Banda Larga (PNBL). &Eacute; o que acredita o presidente da Telebr&aacute;s, Rog&eacute;rio Santannna. &hellip; <a href=\"https:\/\/obscom.intervozes.org.br\/?p=24476\" class=\"more-link\">Continue lendo <span class=\"screen-reader-text\">F\u00f3rum debater\u00e1 regime de presta\u00e7\u00e3o de acesso \u00e0 internet<\/span> <span class=\"meta-nav\">&rarr;<\/span><\/a><\/p>\n","protected":false},"author":1,"featured_media":0,"comment_status":"open","ping_status":"open","sticky":false,"template":"","format":"standard","meta":{"footnotes":""},"categories":[40],"tags":[1337],"_links":{"self":[{"href":"https:\/\/obscom.intervozes.org.br\/index.php?rest_route=\/wp\/v2\/posts\/24476"}],"collection":[{"href":"https:\/\/obscom.intervozes.org.br\/index.php?rest_route=\/wp\/v2\/posts"}],"about":[{"href":"https:\/\/obscom.intervozes.org.br\/index.php?rest_route=\/wp\/v2\/types\/post"}],"author":[{"embeddable":true,"href":"https:\/\/obscom.intervozes.org.br\/index.php?rest_route=\/wp\/v2\/users\/1"}],"replies":[{"embeddable":true,"href":"https:\/\/obscom.intervozes.org.br\/index.php?rest_route=%2Fwp%2Fv2%2Fcomments&post=24476"}],"version-history":[{"count":0,"href":"https:\/\/obscom.intervozes.org.br\/index.php?rest_route=\/wp\/v2\/posts\/24476\/revisions"}],"wp:attachment":[{"href":"https:\/\/obscom.intervozes.org.br\/index.php?rest_route=%2Fwp%2Fv2%2Fmedia&parent=24476"}],"wp:term":[{"taxonomy":"category","embeddable":true,"href":"https:\/\/obscom.intervozes.org.br\/index.php?rest_route=%2Fwp%2Fv2%2Fcategories&post=24476"},{"taxonomy":"post_tag","embeddable":true,"href":"https:\/\/obscom.intervozes.org.br\/index.php?rest_route=%2Fwp%2Fv2%2Ftags&post=24476"}],"curies":[{"name":"wp","href":"https:\/\/api.w.org\/{rel}","templated":true}]}}