{"id":24470,"date":"2010-05-27T12:06:05","date_gmt":"2010-05-27T12:06:05","guid":{"rendered":"https:\/\/obscom.intervozes.org.br\/wordpress\/?p=24470"},"modified":"2010-05-27T12:06:05","modified_gmt":"2010-05-27T12:06:05","slug":"acao-contra-decreto-da-tv-digital-esta-na-pauta-de-hoje-do-stf","status":"publish","type":"post","link":"https:\/\/obscom.intervozes.org.br\/?p=24470","title":{"rendered":"A\u00e7\u00e3o contra decreto da TV digital est\u00e1 na pauta de hoje do STF"},"content":{"rendered":"<p> \t<!-- \t\t@page { margin: 2cm } \t\tP { margin-bottom: 0.21cm } \t--> \t <\/p>\n<p style=\"margin-bottom: 0cm\" class=\"padrao\">O julgamento da A&ccedil;&atilde;o Direta de Inconstitucionalidade (ADI 3944) que questiona a validade Decreto 5.820 de 2006, que estabeleceu o Sistema Brasileiro de TV Digital e as regras para a digitaliza&ccedil;&atilde;o da principal m&iacute;dia do pa&iacute;s est&aacute; na pauta de hoje do plen&aacute;rio do Supremo Tribunal Federal (STF). O Observat&oacute;rio do Direito &agrave; Comunica&ccedil;&atilde;o ir&aacute; acompanhar a sess&atilde;o. Acompanhe pelo <a href=\"http:\/\/twitter.com\/diracom\" target=\"_blank\">twitter <\/a> do <strong>Observat&oacute;rio do Direito &agrave; Comunica&ccedil;&atilde;o<\/strong> (@diracom).<\/p>\n<p>A ADI foi protocolada em 2007 pelo Partido Socialismo e Liberdade (PSOL) e contesta quatro artigos do decreto. O caso tem como relator o ministro Carlos Ayres Britto. <\/p>\n<p>Para o PSOL e as entidades que apoiam a a&ccedil;&atilde;o formalmente (Intervozes &ndash; Coletivo Brasil de Comunica&ccedil;&atilde;o Social, Conectas Direitos Humanos e Instituto Pro Bono), o decreto n&atilde;o respeita diversos preceitos constitucionais. Dentre eles, a proibi&ccedil;&atilde;o ao monop&oacute;lio e oligop&oacute;lio no setor de comunica&ccedil;&atilde;o, j&aacute; que as regras para a instala&ccedil;&atilde;o do SBTVD mant&ecirc;m as bases para a concentra&ccedil;&atilde;o da propriedade das emissoras de TV no pa&iacute;s. <\/p>\n<p>Tamb&eacute;m est&aacute; sendo questionada a consigna&ccedil;&atilde;o de um novo canal para as emissoras prestarem o servi&ccedil;o em sinal digital. Esta consigna&ccedil;&atilde;o, tipo de licen&ccedil;a que n&atilde;o est&aacute; prevista nas leis da radiodifus&atilde;o, foi feita sem respeitar os tr&acirc;mites previstos na Constitui&ccedil;&atilde;o para a concess&atilde;o de servi&ccedil;os de TV.<\/p>\n<p>Parecer da Procuradoria Geral da Rep&uacute;blica (PGR) tamb&eacute;m afirma que o Decreto 5.820 &eacute; inconstitucional. A PGR corrobora o argumento presente na ADI de que a digitaliza&ccedil;&atilde;o n&atilde;o &eacute; apenas uma atualiza&ccedil;&atilde;o do atual servi&ccedil;o de radiodifus&atilde;o, mas se configura como um novo servi&ccedil;o, uma vez que cria, por exemplo, a possibilidade de transmiss&atilde;o de dados &ndash; permitindo interatividade direta com o telespectador &ndash; e a recep&ccedil;&atilde;o m&oacute;vel do sinal. Sendo assim, seria necess&aacute;rio a regula&ccedil;&atilde;o deste novo servi&ccedil;o por completo e a distribui&ccedil;&atilde;o de canais deveria ser feita atrav&eacute;s de novas outorgas.<\/p>\n<p>A PGR tamb&eacute;m questiona a falta de transpar&ecirc;ncia no processo de escolha, pelo governo brasileiro, do padr&atilde;o japon&ecirc;s ISDB como base tecnol&oacute;gica do SBTVD. <\/p>\n<p>O governo e associa&ccedil;&otilde;es que representam as emissoras comerciais defendem que as novas outorgas dos canais digitais &ndash; que em um mesmo espa&ccedil;o de 6 Mhz podem transmitir at&eacute; oito programa&ccedil;&otilde;es &ndash; foram consignadas aos atuais radiodifusores porque n&atilde;o constituem novas concess&otilde;es, mas meros ajustes nas concess&otilde;es em vigor, em raz&atilde;o da implementa&ccedil;&atilde;o da nova tecnologia.<\/p>\n<p>A sess&atilde;o do plen&aacute;rio do STF &eacute; transmitida ao vivo pelo site da TV Justi&ccedil;a. Para assistir, <a href=\"http:\/\/www.tvjustica.jus.br\/grade.php#\" target=\"_blank\">clique aqui<\/a>. <\/p>\n","protected":false},"excerpt":{"rendered":"<p>O julgamento da A&ccedil;&atilde;o Direta de Inconstitucionalidade (ADI 3944) que questiona a validade Decreto 5.820 de 2006, que estabeleceu o Sistema Brasileiro de TV Digital e as regras para a digitaliza&ccedil;&atilde;o da principal m&iacute;dia do pa&iacute;s est&aacute; na pauta de hoje do plen&aacute;rio do Supremo Tribunal Federal (STF). O Observat&oacute;rio do Direito &agrave; Comunica&ccedil;&atilde;o ir&aacute; &hellip; <a href=\"https:\/\/obscom.intervozes.org.br\/?p=24470\" class=\"more-link\">Continue lendo <span class=\"screen-reader-text\">A\u00e7\u00e3o contra decreto da TV digital est\u00e1 na pauta de hoje do STF<\/span> <span class=\"meta-nav\">&rarr;<\/span><\/a><\/p>\n","protected":false},"author":1,"featured_media":0,"comment_status":"open","ping_status":"open","sticky":false,"template":"","format":"standard","meta":{"footnotes":""},"categories":[40],"tags":[1333],"_links":{"self":[{"href":"https:\/\/obscom.intervozes.org.br\/index.php?rest_route=\/wp\/v2\/posts\/24470"}],"collection":[{"href":"https:\/\/obscom.intervozes.org.br\/index.php?rest_route=\/wp\/v2\/posts"}],"about":[{"href":"https:\/\/obscom.intervozes.org.br\/index.php?rest_route=\/wp\/v2\/types\/post"}],"author":[{"embeddable":true,"href":"https:\/\/obscom.intervozes.org.br\/index.php?rest_route=\/wp\/v2\/users\/1"}],"replies":[{"embeddable":true,"href":"https:\/\/obscom.intervozes.org.br\/index.php?rest_route=%2Fwp%2Fv2%2Fcomments&post=24470"}],"version-history":[{"count":0,"href":"https:\/\/obscom.intervozes.org.br\/index.php?rest_route=\/wp\/v2\/posts\/24470\/revisions"}],"wp:attachment":[{"href":"https:\/\/obscom.intervozes.org.br\/index.php?rest_route=%2Fwp%2Fv2%2Fmedia&parent=24470"}],"wp:term":[{"taxonomy":"category","embeddable":true,"href":"https:\/\/obscom.intervozes.org.br\/index.php?rest_route=%2Fwp%2Fv2%2Fcategories&post=24470"},{"taxonomy":"post_tag","embeddable":true,"href":"https:\/\/obscom.intervozes.org.br\/index.php?rest_route=%2Fwp%2Fv2%2Ftags&post=24470"}],"curies":[{"name":"wp","href":"https:\/\/api.w.org\/{rel}","templated":true}]}}