{"id":24469,"date":"2010-05-26T19:44:24","date_gmt":"2010-05-26T19:44:24","guid":{"rendered":"https:\/\/obscom.intervozes.org.br\/wordpress\/?p=24469"},"modified":"2010-05-26T19:44:24","modified_gmt":"2010-05-26T19:44:24","slug":"acoes-do-plano-de-banda-larga-ainda-dependem-de-negociacao","status":"publish","type":"post","link":"https:\/\/obscom.intervozes.org.br\/?p=24469","title":{"rendered":"A\u00e7\u00f5es do Plano de Banda Larga ainda dependem de negocia\u00e7\u00e3o"},"content":{"rendered":"<p><span class=\"padrao\">O Plano Nacional de Banda Larga ainda deve ser motivo de muitos e ferrenhos debates. Isso porque o decreto que o instituiu e colocou a Telebr&aacute;s como gestora do programa de massifica&ccedil;&atilde;o da internet em alta velocidade &eacute; apenas a primeira de v&aacute;rias medidas a serem implementadas e muitas delas&nbsp; dependem de a&ccedil;&otilde;es que o governo ainda pretende negociar. O espa&ccedil;o para estas negocia&ccedil;&otilde;es deve ser o F&oacute;rum Brasil Digital, inst&acirc;ncia citada nos apresenta&ccedil;&atilde;o do PNBL que vem sendo usada pelos membros do governo. O pr&oacute;prio f&oacute;rum ainda n&atilde;o foi criado, mas segundo o presidente da Telebr&aacute;s, Rog&eacute;rio Santanna, ser&aacute; instalado em junho.<\/p>\n<p>Santanna participou do Conip 2010, evento que discute inova&ccedil;&atilde;o tecnol&oacute;gica e gest&atilde;o p&uacute;blica. Ele afirmou, durante a palestra e na entrevista que concedeu a seguir, que acredita que o plano atingir&aacute; suas metas mais r&aacute;pido do que se imagina e que s&oacute; o an&uacute;ncio da reestrutura&ccedil;&atilde;o da Telebr&aacute;s j&aacute; movimentou o mercado e fez os pre&ccedil;os dos planos baixarem. Mas diversas das informa&ccedil;&otilde;es sobre o andamento da implementa&ccedil;&atilde;o do plano apresentadas pelo presidente da Telebr&aacute;s mostram que muito ainda est&aacute; por ser definido. <\/p>\n<p>Das quatro linhas de a&ccedil;&atilde;o do plano &ndash; regula&ccedil;&atilde;o do setor e normas para infraestrutura, incentivos fiscais, pol&iacute;tica produtiva e rede nacional &ndash;, apenas as duas &uacute;ltimas j&aacute; contam com medidas efetivamente em curso. O pr&oacute;prio Santanna, ao mencionar as tr&ecirc;s primeiras, comentou: &ldquo;Nestas, vamos trabalhar.&rdquo; <\/p>\n<p>O decreto que criou o PNBL prev&ecirc; que o backhaul p&uacute;blico (o tronco das redes de transmiss&atilde;o de dados) ser&aacute; formado pelas redes em poder da Uni&atilde;o e de estatais e ser&aacute; gerido pela Telebr&aacute;s. O plano da estatal &eacute; iluminar (colocar em funcionamento) cerca de 11 mil quil&ocirc;metros de fibras &oacute;ticas at&eacute; o fim do ano. Santanna diz que, em 60 dias, devem ser iniciadas os editais para a contrata&ccedil;&atilde;o das empresas que trabalhar&atilde;o para colocar as redes funcionando e fazer as interliga&ccedil;&otilde;es necess&aacute;rias. Estes primeiros an&eacute;is atender&atilde;o as regi&otilde;es Sudeste e Nordeste, al&eacute;m de Bras&iacute;lia. &nbsp;<\/p>\n<p>Outro decreto regulamentou o poder de compra do governo federal na &aacute;rea de telecomunica&ccedil;&otilde;es, permitindo que a Telebr&aacute;s d&ecirc; prefer&ecirc;ncia a empresas nacionais na compra de equipamentos e contrata&ccedil;&atilde;o de servi&ccedil;os. Com isso, parte da pol&iacute;tica de incentivo ao desenvolvimento tecnol&oacute;gico tamb&eacute;m come&ccedil;a a sair do papel. Segundo Santanna, outras medidas inclu&iacute;das no PNBL nesta linha de a&ccedil;&atilde;o, como linhas de financiamento do Banco Nacional de Desenvolvimento Econ&ocirc;mico e Social (BNDES) para compra de equipamentos de tecnologia nacional por pequenos empreendedores, j&aacute; existiriam at&eacute; mesmo antes do an&uacute;ncio do plano.<\/p>\n<p><strong>Incentivos e cronograma<\/strong><\/p>\n<p>J&aacute; em rela&ccedil;&atilde;o aos incentivos fiscais, Santanna declarou a jornalistas que &ldquo;est&aacute; tudo acertado com a equipe econ&ocirc;mica&rdquo; e que, portanto, n&atilde;o h&aacute; empecilhos para que eles comecem a ser praticados. Por&eacute;m, na apresenta&ccedil;&atilde;o feita anteriormente, deu a entender que h&aacute; quest&otilde;es em aberto para que a redu&ccedil;&atilde;o dos impostos reflita no pre&ccedil;o dos pacotes ao usu&aacute;rio final. <\/p>\n<p>&Eacute; o caso, por exemplo, da diminui&ccedil;&atilde;o dos impostos cobrados sobre a fabrica&ccedil;&atilde;o de modens, em especial os usados para acessar internet via celular 3G. A inten&ccedil;&atilde;o da medida &eacute; que estes modens mais baratos possam ser comprados diretamente pelos usu&aacute;rios, podendo ser usados para acesso por qualquer provedor que ofere&ccedil;a o servi&ccedil;o na sua localidade. Al&eacute;m de incentivar a concorr&ecirc;ncia, o pre&ccedil;o do modem deixaria de fazer parte do custo do servi&ccedil;o, o que permitiria aos operadores oferecer pacotes mais baratos. <\/p>\n<p>Mas segundo Rog&eacute;rio Santanna, a compra do modem fora do pacote &ldquo;&eacute; para ser discutido com as operadoras&rdquo;. O presidente da Telebr&aacute;s afirmou, inclusive, que o chamado pacote incentivado &ndash; com valor de R$ 10 a R$15, velocidade de 512 Kbps e limite para download &ndash; tamb&eacute;m depende ainda destas conversas, &ldquo;especialmente com as operadoras 3G&rdquo;. <\/p>\n<p>A prioridade do governo &eacute; que os parceiros &ndash; provedores &ldquo;de todos os tamanhos&rdquo;, segundo Santanna &ndash; que passarem a comprar a capacidade de banda da rede da Telebr&aacute;s ofertem o pacote de R$ 35, com a mesma velocidade ou mais e sem limite de download. Neste caso, o pre&ccedil;o final pode baixar um pouco mais, mas ainda h&aacute; a quest&atilde;o da negocia&ccedil;&atilde;o da cobran&ccedil;a do ICMS, que &eacute; de compet&ecirc;ncia dos estados.<\/p>\n<p>Somados o prazo para que as redes agora sob gest&atilde;o da Telebr&aacute;s comecem a operar, o tempo para que se desenrolem estas negocia&ccedil;&otilde;es paralelas e o fechamento efetivo das parcerias com os provedores que far&atilde;o a &uacute;ltima milha (levar a rede at&eacute; os domic&iacute;lios), n&atilde;o h&aacute; como precisar quando os pacotes populares de banda larga come&ccedil;ar&atilde;o a ser ofertados. <\/p>\n<p>Questionado sobre isso, Santanna disse: &ldquo;Ser&aacute; mais r&aacute;pido do que eu estava pensando.&rdquo; A raz&atilde;o do otimismo do presidente da Telebr&aacute;s &eacute;, segundo ele, o n&uacute;mero de pessoas batendo em sua porta perguntando sobre parcerias e querendo participar do PNBL.<\/p>\n<p>O cronograma oficial prev&ecirc; que, at&eacute; o fim do ano, 100 cidades estejam sendo atendidas pelo backhaul da Telebr&aacute;s. Nestas, ser&aacute; poss&iacute;vel fechar parcerias com provedores locais para oferecer os pacotes previstos no plano. De acordo com Santanna, ser&atilde;o experi&ecirc;ncias piloto que ajudar&atilde;o a calibrar a estrat&eacute;gia a ser seguida pela empresa para expandir a oferta. &ldquo;Teremos uma boa amostra: munic&iacute;pios de v&aacute;rios portes, pequenos e m&eacute;dios provedores, cidades digitais.&rdquo; <\/p>\n<p><strong>Sem fio e regula&ccedil;&atilde;o<\/strong><\/p>\n<p>Esta informa&ccedil;&atilde;o dada por Rog&eacute;rio Santanna indica que ainda n&atilde;o h&aacute; defini&ccedil;&otilde;es claras sobre quais ser&atilde;o as prioridades da Telebr&aacute;s na busca de parceiros. N&atilde;o est&aacute; claro se haver&aacute;, por exemplo, mais esfor&ccedil;o da empresa para fechar contratos com provedores p&uacute;blicos, como os que atendem as cidades digitais, ou privados. <\/p>\n<p>Tamb&eacute;m n&atilde;o h&aacute; men&ccedil;&atilde;o especial a nenhuma tecnologia utilizada para oferecer o acesso no PNBL. Entretanto, por diversas vezes, o presidente da Telebr&aacute;s fez men&ccedil;&atilde;o a a&ccedil;&otilde;es voltadas para promover o uso de tecnologias sem fio, especialmente o 3G.<\/p>\n<p>Neste sentido, Santanna disse que ser&aacute; importante a Ag&ecirc;ncia Nacional de Telecomunica&ccedil;&otilde;es (Anatel) modificar os crit&eacute;rios para distribuir licen&ccedil;as de uso de frequ&ecirc;ncias radioel&eacute;tricas usadas para a constitui&ccedil;&atilde;o das redes sem fio. Hoje, as licen&ccedil;as s&atilde;o dadas para grandes &aacute;reas, mas o desejo do governo &eacute; que possam ser licitadas por localidade, permitindo a entrada de pequenos provedores no mercado.<\/p>\n<p>Segundo o presidente da Telebr&aacute;s, este &eacute; um dos itens inclu&iacute;dos na lista das 20 a&ccedil;&otilde;es regulat&oacute;rias que foi enviada &agrave; Anatel para serem implementadas com maior rapidez. A quest&atilde;o &eacute; saber quando a ag&ecirc;ncia colocar&aacute; em pr&aacute;tica estas a&ccedil;&otilde;es, j&aacute; previstas por&eacute;m nunca executadas.<\/span><\/p>\n","protected":false},"excerpt":{"rendered":"<p>F&oacute;rum Brasil Digital dever&aacute; discutir medidas apenas indicadas pelo governo; f&oacute;rum est&aacute; por ser criado<\/p>\n","protected":false},"author":1,"featured_media":0,"comment_status":"open","ping_status":"open","sticky":false,"template":"","format":"standard","meta":{"footnotes":""},"categories":[40],"tags":[1123],"_links":{"self":[{"href":"https:\/\/obscom.intervozes.org.br\/index.php?rest_route=\/wp\/v2\/posts\/24469"}],"collection":[{"href":"https:\/\/obscom.intervozes.org.br\/index.php?rest_route=\/wp\/v2\/posts"}],"about":[{"href":"https:\/\/obscom.intervozes.org.br\/index.php?rest_route=\/wp\/v2\/types\/post"}],"author":[{"embeddable":true,"href":"https:\/\/obscom.intervozes.org.br\/index.php?rest_route=\/wp\/v2\/users\/1"}],"replies":[{"embeddable":true,"href":"https:\/\/obscom.intervozes.org.br\/index.php?rest_route=%2Fwp%2Fv2%2Fcomments&post=24469"}],"version-history":[{"count":0,"href":"https:\/\/obscom.intervozes.org.br\/index.php?rest_route=\/wp\/v2\/posts\/24469\/revisions"}],"wp:attachment":[{"href":"https:\/\/obscom.intervozes.org.br\/index.php?rest_route=%2Fwp%2Fv2%2Fmedia&parent=24469"}],"wp:term":[{"taxonomy":"category","embeddable":true,"href":"https:\/\/obscom.intervozes.org.br\/index.php?rest_route=%2Fwp%2Fv2%2Fcategories&post=24469"},{"taxonomy":"post_tag","embeddable":true,"href":"https:\/\/obscom.intervozes.org.br\/index.php?rest_route=%2Fwp%2Fv2%2Ftags&post=24469"}],"curies":[{"name":"wp","href":"https:\/\/api.w.org\/{rel}","templated":true}]}}