{"id":24461,"date":"2010-05-26T16:00:43","date_gmt":"2010-05-26T16:00:43","guid":{"rendered":"https:\/\/obscom.intervozes.org.br\/wordpress\/?p=24461"},"modified":"2010-05-26T16:00:43","modified_gmt":"2010-05-26T16:00:43","slug":"projeto-torna-obrigatoria-a-exibicao-de-filmes-nacionais-em-escolas","status":"publish","type":"post","link":"https:\/\/obscom.intervozes.org.br\/?p=24461","title":{"rendered":"Projeto torna obrigat\u00f3ria a exibi\u00e7\u00e3o de filmes nacionais em escolas"},"content":{"rendered":"<p> \t<!-- \t\t@page { margin: 2cm } \t\tP { margin-bottom: 0.21cm } \t--> \t <\/p>\n<p style=\"margin-bottom: 0cm\" class=\"padrao\">A exibi&ccedil;&atilde;o de filmes nacionais poder&aacute; se tornar obrigat&oacute;ria em escolas de n&iacute;vel b&aacute;sico. Isso acontecer&aacute; se for aprovado pela C&acirc;mara dos Deputados o Projeto de Lei n&ordm; 185, de 2008, do senador Cristovam Buarque (PDT-DF). O projeto determina que os alunos dever&atilde;o assistir mensalmente a pelo menos duas horas de produ&ccedil;&atilde;o audiovisual brasileira. <\/p>\n<p>De acordo com o pr&oacute;prio senador, o cinema foi escolhido por ser de f&aacute;cil assimila&ccedil;&atilde;o e por ser um recurso atraente. Al&eacute;m disso, a medida ajudar&aacute;&nbsp; a ampliar a ind&uacute;stria cinematogr&aacute;fica do pa&iacute;s, que hoje depende de financiamento p&uacute;blico. <\/p>\n<p>O projeto j&aacute;&nbsp;foi aprovado pela Comiss&atilde;o de Educa&ccedil;&atilde;o, Cultura e Esporte do Senado Federal e segue para avalia&ccedil;&atilde;o na C&acirc;mara dos Deputados. &nbsp;<\/p>\n","protected":false},"excerpt":{"rendered":"<p>A exibi&ccedil;&atilde;o de filmes nacionais poder&aacute; se tornar obrigat&oacute;ria em escolas de n&iacute;vel b&aacute;sico. Isso acontecer&aacute; se for aprovado pela C&acirc;mara dos Deputados o Projeto de Lei n&ordm; 185, de 2008, do senador Cristovam Buarque (PDT-DF). O projeto determina que os alunos dever&atilde;o assistir mensalmente a pelo menos duas horas de produ&ccedil;&atilde;o audiovisual brasileira. De &hellip; <a href=\"https:\/\/obscom.intervozes.org.br\/?p=24461\" class=\"more-link\">Continue lendo <span class=\"screen-reader-text\">Projeto torna obrigat\u00f3ria a exibi\u00e7\u00e3o de filmes nacionais em escolas<\/span> <span class=\"meta-nav\">&rarr;<\/span><\/a><\/p>\n","protected":false},"author":1,"featured_media":0,"comment_status":"open","ping_status":"open","sticky":false,"template":"","format":"standard","meta":{"footnotes":""},"categories":[39],"tags":[],"_links":{"self":[{"href":"https:\/\/obscom.intervozes.org.br\/index.php?rest_route=\/wp\/v2\/posts\/24461"}],"collection":[{"href":"https:\/\/obscom.intervozes.org.br\/index.php?rest_route=\/wp\/v2\/posts"}],"about":[{"href":"https:\/\/obscom.intervozes.org.br\/index.php?rest_route=\/wp\/v2\/types\/post"}],"author":[{"embeddable":true,"href":"https:\/\/obscom.intervozes.org.br\/index.php?rest_route=\/wp\/v2\/users\/1"}],"replies":[{"embeddable":true,"href":"https:\/\/obscom.intervozes.org.br\/index.php?rest_route=%2Fwp%2Fv2%2Fcomments&post=24461"}],"version-history":[{"count":0,"href":"https:\/\/obscom.intervozes.org.br\/index.php?rest_route=\/wp\/v2\/posts\/24461\/revisions"}],"wp:attachment":[{"href":"https:\/\/obscom.intervozes.org.br\/index.php?rest_route=%2Fwp%2Fv2%2Fmedia&parent=24461"}],"wp:term":[{"taxonomy":"category","embeddable":true,"href":"https:\/\/obscom.intervozes.org.br\/index.php?rest_route=%2Fwp%2Fv2%2Fcategories&post=24461"},{"taxonomy":"post_tag","embeddable":true,"href":"https:\/\/obscom.intervozes.org.br\/index.php?rest_route=%2Fwp%2Fv2%2Ftags&post=24461"}],"curies":[{"name":"wp","href":"https:\/\/api.w.org\/{rel}","templated":true}]}}