{"id":24458,"date":"2010-05-25T15:51:12","date_gmt":"2010-05-25T15:51:12","guid":{"rendered":"https:\/\/obscom.intervozes.org.br\/wordpress\/?p=24458"},"modified":"2010-05-25T15:51:12","modified_gmt":"2010-05-25T15:51:12","slug":"associacao-critica-tramite-de-projeto-sobre-tv-por-assinatura","status":"publish","type":"post","link":"https:\/\/obscom.intervozes.org.br\/?p=24458","title":{"rendered":"Associa\u00e7\u00e3o critica tr\u00e2mite de projeto sobre TV por assinatura"},"content":{"rendered":"<p> \t<!-- \t\t@page { margin: 2cm } \t\tP { margin-bottom: 0.21cm } \t--> \t <\/p>\n<p style=\"margin-bottom: 0cm\" class=\"western\"> \t<!-- \t\t@page { margin: 2cm } \t\tP { margin-bottom: 0.21cm } \t--> \t  <\/p>\n<p style=\"margin-bottom: 0cm\" class=\"western\"><span class=\"padrao\">A Associa&ccedil;&atilde;o Brasileira de Produtoras Independentes de Televis&atilde;o (ABPITV) divulgou nesta segunda (24) um comunicado criticando o tr&acirc;mite que est&aacute; sendo dado ao Projeto de Lei n&ordm; 29, de 2007. Para a ABPITV, o PL 29 n&atilde;o precisaria ir a vota&ccedil;&atilde;o em plen&aacute;rio na C&acirc;mara dos Deputados, pois isso se configuraria apenas em manobra protelat&oacute;ria. Veja a &iacute;ntegra do comunicado:<\/p>\n<p><\/span> <\/p>\n<p style=\"margin-bottom: 0cm\" class=\"padrao\">N&Atilde;O &Agrave;S MANOBRAS CONTRA O PL 29<\/p>\n<p> <span class=\"padrao\">&nbsp;<\/span><\/p>\n<p>&nbsp;<\/p>\n<p style=\"margin-bottom: 0cm\" class=\"western\"><em><span class=\"padrao\">A ABPITV (Associa&ccedil;&atilde;o Brasileira de Produtoras Independentes de Televis&atilde;o) vem a publico manifestar sua indigna&ccedil;&atilde;o diante da amea&ccedil;a de posterga&ccedil;&atilde;o da tramita&ccedil;&atilde;o do PL 29\/2007 &#8211; que trata da regulamenta&ccedil;&atilde;o do servi&ccedil;o de TV por assinatura &#8211; da C&acirc;mara dos Deputados para o Senado Federal, atrav&eacute;s de manobras regimentais como o recolhimento de assinaturas necess&aacute;rias ao envio do PL 29 para vota&ccedil;&atilde;o em plen&aacute;rio da C&acirc;mara.<\/p>\n<p><\/span><\/em> <\/p>\n<p style=\"margin-bottom: 0cm\" class=\"western\"><em><span class=\"padrao\">Esse projeto de lei, que vem sendo debatido e aperfei&ccedil;oado h&aacute; tr&ecirc;s anos, tramitou por quatro comiss&otilde;es permanentes da C&acirc;mara dos Deputados, tendo sido objeto de diversas audi&ecirc;ncias p&uacute;blicas, &eacute; terminativo nas comiss&otilde;es e normalmente deve seguir ao Senado. Nesse sentido, o requerimento para discuss&atilde;o e vota&ccedil;&atilde;o no plen&aacute;rio da C&acirc;mara se constitui apenas em manobra protelat&oacute;ria.<\/p>\n<p><\/span><\/em> <\/p>\n<p style=\"margin-bottom: 0cm\" class=\"western\"><em><span class=\"padrao\">Se tal fato for efetivado, o projeto de lei ser&aacute; postergado tornando-se invi&aacute;vel a sua aprova&ccedil;&atilde;o final neste ano.<\/p>\n<p><\/span><\/em> <\/p>\n<p style=\"margin-bottom: 0cm\" class=\"western\"><em><span class=\"padrao\">Aos deputados que eventualmente assinaram o requerimento para vota&ccedil;&atilde;o em plen&aacute;rio, gostar&iacute;amos de chamar aten&ccedil;&atilde;o para o fato que esse simples gesto, acreditamos de boa f&eacute;, significar&aacute; um profundo retrocesso e uma grande frustra&ccedil;&atilde;o para todos os agentes da atividade audiovisual e prestadores de servi&ccedil;o envolvidos, que depositavam a esperan&ccedil;a de um ambiente de prosperidade para o desenvolvimento do setor. Al&eacute;m, &eacute; claro, do p&uacute;blico consumidor de TV por assinatura que se beneficiar&aacute; de um ambiente de maior oferta e competi&ccedil;&atilde;o no setor e mais conte&uacute;do audiovisual brasileiro.<\/p>\n<p><\/span><\/em> <\/p>\n<p style=\"margin-bottom: 0cm\" class=\"western\"><em><span class=\"padrao\">Sabe-se que a base atual de assinantes desse servi&ccedil;o, cerca de 7 milh&otilde;es e meio, est&aacute; muito aqu&eacute;m do potencial brasileiro. Nos Estados Unidos s&atilde;o 70 milh&otilde;es de assinaturas e na Argentina 40 milh&otilde;es. O PL 29 da forma que foi concebido e votado na comiss&atilde;o de m&eacute;rito &#8211; CCTI e na CCJ, possibilitar&aacute; o real crescimento deste segmento hoje estagnado.<\/p>\n<p><\/span><\/em> <\/p>\n<p class=\"padrao\"><em>O adiamento de sua tramita&ccedil;&atilde;o normal far&aacute; que mais uma vez percamos o bonde da hist&oacute;ria, provocado por minorias ocultas que insistem em condenar o setor ao atraso.<\/em><\/p>\n<p style=\"margin-bottom: 0cm\" class=\"western\"> <\/p>\n","protected":false},"excerpt":{"rendered":"<p>A Associa&ccedil;&atilde;o Brasileira de Produtoras Independentes de Televis&atilde;o (ABPITV) divulgou nesta segunda (24) um comunicado criticando o tr&acirc;mite que est&aacute; sendo dado ao Projeto de Lei n&ordm; 29, de 2007. Para a ABPITV, o PL 29 n&atilde;o precisaria ir a vota&ccedil;&atilde;o em plen&aacute;rio na C&acirc;mara dos Deputados, pois isso se configuraria apenas em manobra protelat&oacute;ria. &hellip; <a href=\"https:\/\/obscom.intervozes.org.br\/?p=24458\" class=\"more-link\">Continue lendo <span class=\"screen-reader-text\">Associa\u00e7\u00e3o critica tr\u00e2mite de projeto sobre TV por assinatura<\/span> <span class=\"meta-nav\">&rarr;<\/span><\/a><\/p>\n","protected":false},"author":1,"featured_media":0,"comment_status":"open","ping_status":"open","sticky":false,"template":"","format":"standard","meta":{"footnotes":""},"categories":[40],"tags":[556],"_links":{"self":[{"href":"https:\/\/obscom.intervozes.org.br\/index.php?rest_route=\/wp\/v2\/posts\/24458"}],"collection":[{"href":"https:\/\/obscom.intervozes.org.br\/index.php?rest_route=\/wp\/v2\/posts"}],"about":[{"href":"https:\/\/obscom.intervozes.org.br\/index.php?rest_route=\/wp\/v2\/types\/post"}],"author":[{"embeddable":true,"href":"https:\/\/obscom.intervozes.org.br\/index.php?rest_route=\/wp\/v2\/users\/1"}],"replies":[{"embeddable":true,"href":"https:\/\/obscom.intervozes.org.br\/index.php?rest_route=%2Fwp%2Fv2%2Fcomments&post=24458"}],"version-history":[{"count":0,"href":"https:\/\/obscom.intervozes.org.br\/index.php?rest_route=\/wp\/v2\/posts\/24458\/revisions"}],"wp:attachment":[{"href":"https:\/\/obscom.intervozes.org.br\/index.php?rest_route=%2Fwp%2Fv2%2Fmedia&parent=24458"}],"wp:term":[{"taxonomy":"category","embeddable":true,"href":"https:\/\/obscom.intervozes.org.br\/index.php?rest_route=%2Fwp%2Fv2%2Fcategories&post=24458"},{"taxonomy":"post_tag","embeddable":true,"href":"https:\/\/obscom.intervozes.org.br\/index.php?rest_route=%2Fwp%2Fv2%2Ftags&post=24458"}],"curies":[{"name":"wp","href":"https:\/\/api.w.org\/{rel}","templated":true}]}}