{"id":24451,"date":"2010-05-24T16:32:06","date_gmt":"2010-05-24T16:32:06","guid":{"rendered":"https:\/\/obscom.intervozes.org.br\/wordpress\/?p=24451"},"modified":"2010-05-24T16:32:06","modified_gmt":"2010-05-24T16:32:06","slug":"seminario-discute-transicao-da-televisao-no-brasil","status":"publish","type":"post","link":"https:\/\/obscom.intervozes.org.br\/?p=24451","title":{"rendered":"Semin\u00e1rio discute transi\u00e7\u00e3o da televis\u00e3o no Brasil"},"content":{"rendered":"<p> \t \t \t \t<!-- \t\t@page { margin: 2cm } \t\tP { margin-bottom: 0.21cm } \t--> \t  <\/p>\n<p style=\"margin-bottom: 0cm\" class=\"padrao\">Reunir pessoas com o intuito de discutir a transforma&ccedil;&atilde;o da televis&atilde;o e em que situa&ccedil;&atilde;o este meio se encontra no contexto de digitaliza&ccedil;&atilde;o. Essa foi a proposta do semin&aacute;rio Televis&atilde;o em Transi&ccedil;&atilde;o: Demandas da Comunica&ccedil;&atilde;o para a Produ&ccedil;&atilde;o de Conte&uacute;dos, realizado na &uacute;ltima quinta e sexta-feira, no Centro de Artes e Comunica&ccedil;&atilde;o (CAC) da Universidade Federal de Pernambuco. A TV Jornal, que j&aacute; possui programas em standard definition (SDTV) e alta defini&ccedil;&atilde;o, ou high definition (HDTV) pelo canal 35, apoiou a iniciativa.<\/p>\n<p>O evento realizado pelo Programa de P&oacute;s-gradua&ccedil;&atilde;o em Comunica&ccedil;&atilde;o da Universidade Federal de Pernambuco (PPGCOM\/UFPE) e pela Universidade Estadual Paulista (Unesp: FAAC\/Bauru) teve a participa&ccedil;&atilde;o do gerente de programa&ccedil;&atilde;o da TV Aparecida, Lauro Teixeira, e da professora do Programa de P&oacute;s-gradua&ccedil;&atilde;o em TV Digital da Universidade Estadual Paulista J&uacute;lio de Mesquita Filho (Unesp), Ana Silvia M&eacute;dola. Na primeira explana&ccedil;&atilde;o sobre o tema em quest&atilde;o, foram discutidas as reconfigura&ccedil;&otilde;es do dispositivo televisivo. J&aacute; no segundo dia de debates, foram abordadas tem&aacute;ticas sobre a televis&atilde;o e o design de intera&ccedil;&atilde;o.<\/p>\n<p>Durante as exposi&ccedil;&otilde;es, o gerente de programa&ccedil;&atilde;o da TV Aparecida, Lauro Teixeira, abordou a diferen&ccedil;a existente entre programas interativos e os que possuem altos &iacute;ndices de audi&ecirc;ncia. &ldquo;Uma coisa &eacute; determinado programa usar as redes sociais e come&ccedil;ar a receber participa&ccedil;&atilde;o massiva dos telespectadores, outra coisa &eacute; medir os n&uacute;meros da audi&ecirc;ncia, pois existem programas que t&ecirc;m uma audi&ecirc;ncia enorme, mas que possuem uma participa&ccedil;&atilde;o baixa dos espectadores. Entretanto, para o mercado, o que interessa &eacute; a audi&ecirc;ncia.&rdquo;<\/p>\n<p>J&aacute; a professora da Unesp, Ana Silvia M&eacute;dola, explicou que a televis&atilde;o precisou aprender a driblar a quest&atilde;o do apoio publicit&aacute;rio por meio do merchandising inserido de forma mais leve na programa&ccedil;&atilde;o. &ldquo;A novela Viver a Vida, que acabou recentemente, &eacute; um grande exemplo do uso do merchandising. Embora ela n&atilde;o tenha tido uma das maiores audi&ecirc;ncias no hor&aacute;rio nobre, bateu recorde de merchandisings inseridos na trama. Isso ocorre porque os novos consumidores n&atilde;o ficam mais em frente ao aparelho receptor durante os intervalos&rdquo;, pontuou.<\/p>\n<p>A professora enfatizou tamb&eacute;m o conceito de transm&iacute;dia (crossm&iacute;dia), significado dado a um determinado conte&uacute;do que opera em cruzamento com todas as outras m&iacute;dias. &ldquo;No caso da s&eacute;rie americana 24 Horas, ela &eacute; constitu&iacute;da como uma matriz televisiva e a partir dela, voc&ecirc; tem epis&oacute;dios feitos para a web, assim como hist&oacute;rias em quadrinhos, livros e DVDs, al&eacute;m de s&eacute;ries feitas para celular&rdquo;, exemplificou.<\/p>\n<p>O diretor-executivo da TV Jornal, Luiz Carlos Gurgel destaca dois aspectos importantes ligados &agrave; TV Digital e interatividade: o da qualidade ligada a pr&oacute;pria sobreviv&ecirc;ncia econ&ocirc;mica da televis&atilde;o como produto e o da multiprograma&ccedil;&atilde;o (colocar at&eacute; quatro programas simultaneamente no mesmo canal). &ldquo;Eu acredito muito mais no apelo da multiprograma&ccedil;&atilde;o, do que no apelo da interatividade ou at&eacute; mesmo da qualidade, porque na hora que voc&ecirc; tiver v&aacute;rios conte&uacute;dos no mesmo canal, &eacute; claro que as pessoas ir&atilde;o querer ter acesso a esses programas.&rdquo;  <\/p>\n","protected":false},"excerpt":{"rendered":"<p>Reunir pessoas com o intuito de discutir a transforma&ccedil;&atilde;o da televis&atilde;o e em que situa&ccedil;&atilde;o este meio se encontra no contexto de digitaliza&ccedil;&atilde;o. Essa foi a proposta do semin&aacute;rio Televis&atilde;o em Transi&ccedil;&atilde;o: Demandas da Comunica&ccedil;&atilde;o para a Produ&ccedil;&atilde;o de Conte&uacute;dos, realizado na &uacute;ltima quinta e sexta-feira, no Centro de Artes e Comunica&ccedil;&atilde;o (CAC) da Universidade &hellip; <a href=\"https:\/\/obscom.intervozes.org.br\/?p=24451\" class=\"more-link\">Continue lendo <span class=\"screen-reader-text\">Semin\u00e1rio discute transi\u00e7\u00e3o da televis\u00e3o no Brasil<\/span> <span class=\"meta-nav\">&rarr;<\/span><\/a><\/p>\n","protected":false},"author":1,"featured_media":0,"comment_status":"open","ping_status":"open","sticky":false,"template":"","format":"standard","meta":{"footnotes":""},"categories":[40],"tags":[1270],"_links":{"self":[{"href":"https:\/\/obscom.intervozes.org.br\/index.php?rest_route=\/wp\/v2\/posts\/24451"}],"collection":[{"href":"https:\/\/obscom.intervozes.org.br\/index.php?rest_route=\/wp\/v2\/posts"}],"about":[{"href":"https:\/\/obscom.intervozes.org.br\/index.php?rest_route=\/wp\/v2\/types\/post"}],"author":[{"embeddable":true,"href":"https:\/\/obscom.intervozes.org.br\/index.php?rest_route=\/wp\/v2\/users\/1"}],"replies":[{"embeddable":true,"href":"https:\/\/obscom.intervozes.org.br\/index.php?rest_route=%2Fwp%2Fv2%2Fcomments&post=24451"}],"version-history":[{"count":0,"href":"https:\/\/obscom.intervozes.org.br\/index.php?rest_route=\/wp\/v2\/posts\/24451\/revisions"}],"wp:attachment":[{"href":"https:\/\/obscom.intervozes.org.br\/index.php?rest_route=%2Fwp%2Fv2%2Fmedia&parent=24451"}],"wp:term":[{"taxonomy":"category","embeddable":true,"href":"https:\/\/obscom.intervozes.org.br\/index.php?rest_route=%2Fwp%2Fv2%2Fcategories&post=24451"},{"taxonomy":"post_tag","embeddable":true,"href":"https:\/\/obscom.intervozes.org.br\/index.php?rest_route=%2Fwp%2Fv2%2Ftags&post=24451"}],"curies":[{"name":"wp","href":"https:\/\/api.w.org\/{rel}","templated":true}]}}