{"id":24447,"date":"2010-05-24T15:31:58","date_gmt":"2010-05-24T15:31:58","guid":{"rendered":"https:\/\/obscom.intervozes.org.br\/wordpress\/?p=24447"},"modified":"2010-05-24T15:31:58","modified_gmt":"2010-05-24T15:31:58","slug":"comissao-adia-audiencia-publica-sobre-1a-confecom","status":"publish","type":"post","link":"https:\/\/obscom.intervozes.org.br\/?p=24447","title":{"rendered":"Comiss\u00e3o adia audi\u00eancia p\u00fablica sobre 1\u00aa Confecom"},"content":{"rendered":"<p> \t<!-- \t\t@page { margin: 2cm } \t\tP { margin-bottom: 0.21cm } \t--> \t <\/p>\n<p style=\"margin-bottom: 0cm\" class=\"padrao\"><strong>Reproduzido da Ag&ecirc;ncia C&acirc;mara <\/strong><\/p>\n<p style=\"margin-bottom: 0cm\" class=\"padrao\">&nbsp;<\/p>\n<p style=\"margin-bottom: 0cm\" class=\"western\"><span class=\"padrao\">A Comiss&atilde;o de Ci&ecirc;ncia e Tecnologia, Comunica&ccedil;&atilde;o e Inform&aacute;tica adiou para 10 de junho a audi&ecirc;ncia p&uacute;blica que faria nesta ter&ccedil;a-feira (25) para debater a implementa&ccedil;&atilde;o das propostas aprovadas no &acirc;mbito da 1&ordf; Confer&ecirc;ncia Nacional de Comunica&ccedil;&atilde;o (Confecom), realizada em dezembro do ano passado.<\/p>\n<p><\/span> <\/p>\n<p style=\"margin-bottom: 0cm\" class=\"western\"><span class=\"padrao\">O motivo do adiamento &eacute; incompatibilidade na agenda dos convidados.<\/p>\n<p><\/span> <\/p>\n<p style=\"margin-bottom: 0cm\" class=\"western\"><span class=\"padrao\">Ser&atilde;o convidados para participar da reuni&atilde;o: <br \/>&#8211; o ministro das Comunica&ccedil;&otilde;es, Jos&eacute; Artur Filardi Leite;<br \/>&#8211; o ministro da Cultura, Jo&atilde;o Luiz Silva Ferreira; <br \/>&#8211; o ministro da Secretaria de Comunica&ccedil;&atilde;o Social da Presid&ecirc;ncia da Rep&uacute;blica, Franklin Martins;<br \/>&#8211; o assessor especial da Casa Civil da Presid&ecirc;ncia da Rep&uacute;blica, Andr&eacute; Barbosa Filho; <br \/>&#8211; o presidente da Associa&ccedil;&atilde;o Brasileira de Telecomunica&ccedil;&otilde;es (Telebrasil), Antonio Carlos Valente; <br \/>&#8211; o presidente da Associa&ccedil;&atilde;o Brasileira de Radiodifusores (Abra), Jo&atilde;o Carlos Saad; <br \/>&#8211; o coordenador-geral do F&oacute;rum Nacional pela Democratiza&ccedil;&atilde;o da Comunica&ccedil;&atilde;o (FNDC), Celso Schr&ouml;der; <br \/>&#8211; o diretor do Invertovez &#8211; Coletivo Brasil de Comunica&ccedil;&atilde;o Social, Jonas Valente; <br \/>&#8211; a presidente da Associa&ccedil;&atilde;o Brasileira das Emissoras P&uacute;blicas, Educativas e Culturais (Abepec), Regina Lima; <br \/>&#8211; o coordenador-executivo da Associa&ccedil;&atilde;o Brasileira de Radiodifus&atilde;o Comunit&aacute;ria(Abra&ccedil;o), Jos&eacute; Luiz Nascimento S&oacute;ter; <br \/>&#8211; o presidente da Associa&ccedil;&atilde;o Brasileira de Canais Comunit&aacute;rios (Abccom), Edivaldo Farias; e <br \/>&#8211; o coordenador da Federa&ccedil;&atilde;o Interestadual dos Trabalhadores em Radiodifus&atilde;o e Televis&atilde;o (Fitert), Nascimento Silva.<\/p>\n<p><\/span> <\/p>\n<p style=\"margin-bottom: 0cm\" class=\"padrao\">A audi&ecirc;ncia ser&aacute; realizada no plen&aacute;rio 13.<\/p>\n","protected":false},"excerpt":{"rendered":"<p>Reproduzido da Ag&ecirc;ncia C&acirc;mara &nbsp; A Comiss&atilde;o de Ci&ecirc;ncia e Tecnologia, Comunica&ccedil;&atilde;o e Inform&aacute;tica adiou para 10 de junho a audi&ecirc;ncia p&uacute;blica que faria nesta ter&ccedil;a-feira (25) para debater a implementa&ccedil;&atilde;o das propostas aprovadas no &acirc;mbito da 1&ordf; Confer&ecirc;ncia Nacional de Comunica&ccedil;&atilde;o (Confecom), realizada em dezembro do ano passado. O motivo do adiamento &eacute; incompatibilidade &hellip; <a href=\"https:\/\/obscom.intervozes.org.br\/?p=24447\" class=\"more-link\">Continue lendo <span class=\"screen-reader-text\">Comiss\u00e3o adia audi\u00eancia p\u00fablica sobre 1\u00aa Confecom<\/span> <span class=\"meta-nav\">&rarr;<\/span><\/a><\/p>\n","protected":false},"author":1,"featured_media":0,"comment_status":"open","ping_status":"open","sticky":false,"template":"","format":"standard","meta":{"footnotes":""},"categories":[39],"tags":[],"_links":{"self":[{"href":"https:\/\/obscom.intervozes.org.br\/index.php?rest_route=\/wp\/v2\/posts\/24447"}],"collection":[{"href":"https:\/\/obscom.intervozes.org.br\/index.php?rest_route=\/wp\/v2\/posts"}],"about":[{"href":"https:\/\/obscom.intervozes.org.br\/index.php?rest_route=\/wp\/v2\/types\/post"}],"author":[{"embeddable":true,"href":"https:\/\/obscom.intervozes.org.br\/index.php?rest_route=\/wp\/v2\/users\/1"}],"replies":[{"embeddable":true,"href":"https:\/\/obscom.intervozes.org.br\/index.php?rest_route=%2Fwp%2Fv2%2Fcomments&post=24447"}],"version-history":[{"count":0,"href":"https:\/\/obscom.intervozes.org.br\/index.php?rest_route=\/wp\/v2\/posts\/24447\/revisions"}],"wp:attachment":[{"href":"https:\/\/obscom.intervozes.org.br\/index.php?rest_route=%2Fwp%2Fv2%2Fmedia&parent=24447"}],"wp:term":[{"taxonomy":"category","embeddable":true,"href":"https:\/\/obscom.intervozes.org.br\/index.php?rest_route=%2Fwp%2Fv2%2Fcategories&post=24447"},{"taxonomy":"post_tag","embeddable":true,"href":"https:\/\/obscom.intervozes.org.br\/index.php?rest_route=%2Fwp%2Fv2%2Ftags&post=24447"}],"curies":[{"name":"wp","href":"https:\/\/api.w.org\/{rel}","templated":true}]}}