{"id":24446,"date":"2010-05-24T15:28:05","date_gmt":"2010-05-24T15:28:05","guid":{"rendered":"https:\/\/obscom.intervozes.org.br\/wordpress\/?p=24446"},"modified":"2010-05-24T15:28:05","modified_gmt":"2010-05-24T15:28:05","slug":"ministerio-da-justica-prorroga-ate-30-de-maio-debate-sobre-marco-civil-da-internet","status":"publish","type":"post","link":"https:\/\/obscom.intervozes.org.br\/?p=24446","title":{"rendered":"Minist\u00e9rio da Justi\u00e7a prorroga at\u00e9 30 de maio debate sobre Marco Civil da Internet"},"content":{"rendered":"<p> \t<!-- \t\t@page { margin: 2cm } \t\tP { margin-bottom: 0.21cm } \t--> \t <\/p>\n<p style=\"margin-bottom: 0cm\" class=\"western\"><span class=\"padrao\">Bras&iacute;lia &#8211; O debate sobre o Marco Civil da Internet foi prorrogado at&eacute; a meia-noite do dia 30 de maio &ndash; &uacute;ltimo domingo do m&ecirc;s. Segundo o Minist&eacute;rio da Justi&ccedil;a, trata-se de uma proposta de lei para determinar direitos, responsabilidades e diretrizes no uso da rede no Brasil. As contribui&ccedil;&otilde;es podem ser <a href=\"http:\/\/culturadigital.br\/marcocivil\/debate\/\" target=\"_blank\">registradas em site<\/a>.<\/p>\n<p><\/span> <\/p>\n<p style=\"margin-bottom: 0cm\" class=\"western\"><span class=\"padrao\">A Secretaria de Assuntos Legislativos do minist&eacute;rio, que coordena a elabora&ccedil;&atilde;o da proposta de lei, estendeu o prazo para atender a diversas entidades que pediam mais tempo para apresentar sugest&otilde;es ao projeto.<\/p>\n<p><\/span> <\/p>\n<p style=\"margin-bottom: 0cm\" class=\"western\"><span class=\"padrao\">Com a amplia&ccedil;&atilde;o do prazo, que inicialmente era de 45 dias, a sociedade ganha mais uma semana para discutir a reda&ccedil;&atilde;o da proposta. O uso p&uacute;blico da rede mundial de computadores come&ccedil;ou no Brasil h&aacute; 15 anos e at&eacute; hoje n&atilde;o conta com nenhuma lei espec&iacute;fica.<\/p>\n<p><\/span> <\/p>\n<p style=\"margin-bottom: 0cm\" class=\"western\"><span class=\"padrao\">Segundo o minist&eacute;rio, o objetivo do marco &eacute; fazer com que a legisla&ccedil;&atilde;o reconhe&ccedil;a a natureza e os princ&iacute;pios da web. Al&eacute;m disso, &eacute; necess&aacute;rio apresentar diretrizes para orientar a atua&ccedil;&atilde;o do Estado no setor.<\/p>\n<p><\/span> <\/p>\n<p style=\"margin-bottom: 0cm\" class=\"western\"><span class=\"padrao\">Para propor uma lei que regulamente a internet no Brasil, a secretaria iniciou em outubro de 2009 uma consulta aberta &agrave; sociedade, que j&aacute; recebeu mais de 1,9 mil coment&aacute;rios.<\/p>\n<p><\/span> <\/p>\n<p style=\"margin-bottom: 0cm\" class=\"padrao\">No dia 8 de abril deste ano, o debate foi reaberto com a disponibiliza&ccedil;&atilde;o de um rascunho do projeto de lei. No documento, os internautas podem comentar cada artigo do texto e sugerir novas reda&ccedil;&otilde;es.<\/p>\n<p style=\"margin-bottom: 0cm\" class=\"padrao\">Esta segunda etapa de di&aacute;logo com a sociedade conferiu ao blog do Marco Civil da Internet mais de 45,5 mil visitas e 900 coment&aacute;rios &agrave; minuta.<\/p>\n","protected":false},"excerpt":{"rendered":"<p>Bras&iacute;lia &#8211; O debate sobre o Marco Civil da Internet foi prorrogado at&eacute; a meia-noite do dia 30 de maio &ndash; &uacute;ltimo domingo do m&ecirc;s. Segundo o Minist&eacute;rio da Justi&ccedil;a, trata-se de uma proposta de lei para determinar direitos, responsabilidades e diretrizes no uso da rede no Brasil. As contribui&ccedil;&otilde;es podem ser registradas em site. &hellip; <a href=\"https:\/\/obscom.intervozes.org.br\/?p=24446\" class=\"more-link\">Continue lendo <span class=\"screen-reader-text\">Minist\u00e9rio da Justi\u00e7a prorroga at\u00e9 30 de maio debate sobre Marco Civil da Internet<\/span> <span class=\"meta-nav\">&rarr;<\/span><\/a><\/p>\n","protected":false},"author":1,"featured_media":0,"comment_status":"open","ping_status":"open","sticky":false,"template":"","format":"standard","meta":{"footnotes":""},"categories":[40],"tags":[1332],"_links":{"self":[{"href":"https:\/\/obscom.intervozes.org.br\/index.php?rest_route=\/wp\/v2\/posts\/24446"}],"collection":[{"href":"https:\/\/obscom.intervozes.org.br\/index.php?rest_route=\/wp\/v2\/posts"}],"about":[{"href":"https:\/\/obscom.intervozes.org.br\/index.php?rest_route=\/wp\/v2\/types\/post"}],"author":[{"embeddable":true,"href":"https:\/\/obscom.intervozes.org.br\/index.php?rest_route=\/wp\/v2\/users\/1"}],"replies":[{"embeddable":true,"href":"https:\/\/obscom.intervozes.org.br\/index.php?rest_route=%2Fwp%2Fv2%2Fcomments&post=24446"}],"version-history":[{"count":0,"href":"https:\/\/obscom.intervozes.org.br\/index.php?rest_route=\/wp\/v2\/posts\/24446\/revisions"}],"wp:attachment":[{"href":"https:\/\/obscom.intervozes.org.br\/index.php?rest_route=%2Fwp%2Fv2%2Fmedia&parent=24446"}],"wp:term":[{"taxonomy":"category","embeddable":true,"href":"https:\/\/obscom.intervozes.org.br\/index.php?rest_route=%2Fwp%2Fv2%2Fcategories&post=24446"},{"taxonomy":"post_tag","embeddable":true,"href":"https:\/\/obscom.intervozes.org.br\/index.php?rest_route=%2Fwp%2Fv2%2Ftags&post=24446"}],"curies":[{"name":"wp","href":"https:\/\/api.w.org\/{rel}","templated":true}]}}