{"id":24445,"date":"2010-05-21T18:33:41","date_gmt":"2010-05-21T18:33:41","guid":{"rendered":"https:\/\/obscom.intervozes.org.br\/wordpress\/?p=24445"},"modified":"2010-05-21T18:33:41","modified_gmt":"2010-05-21T18:33:41","slug":"abertas-as-inscricoes-para-audiencia-publica-do-conselho-curador-da-ebc","status":"publish","type":"post","link":"https:\/\/obscom.intervozes.org.br\/?p=24445","title":{"rendered":"Abertas as inscri\u00e7\u00f5es para audi\u00eancia p\u00fablica do Conselho Curador da EBC"},"content":{"rendered":"<p>   \t \t \t \t \t<!-- \t\t@page { margin: 2cm } \t\tP { margin-bottom: 0.21cm } \t--> \t  <\/p>\n<p style=\"margin-bottom: 0cm\" class=\"padrao\">Os ouvintes e telespectadores das emissoras da Empresa Brasil de Comunica&ccedil;&atilde;o (EBC) ter&atilde;o uma boa oportunidade para exporem suas opini&otilde;es sobre a programa&ccedil;&atilde;o veiculada nos canais de r&aacute;dio e televis&atilde;o da empresa. Ser&aacute; realizada no Rio de Janeiro, em 1&ordm; de junho, uma audi&ecirc;ncia p&uacute;blica com este intuito. As regras de funcionamento da audi&ecirc;ncia foram divulgadas nesta sexta-feira (21), por meio de edital.<\/p>\n<p>Para participar, os interessados devem entrar em contato com os organizadores do evento pelo email conselho.curador@ebc.com.br, informando nome completo, RG e, se for o caso, a entidade que o inscrito representar&aacute; na audi&ecirc;ncia. <\/p>\n<p>Ao enviar a mensagem, o interessado deve informar se pretende fazer uso da palavra no momento da audi&ecirc;ncia. Isso porque haver&aacute; uma limita&ccedil;&atilde;o para interven&ccedil;&otilde;es dos usu&aacute;rios, tal como feito na primeira audi&ecirc;ncia realizada pelo Conselho Curador, no ano passado.<\/p>\n<p>Por&eacute;m, diferente da primeira audi&ecirc;ncia p&uacute;blica realizada pelo Conselho Curador da EBC, desta vez haver&aacute; mais participa&ccedil;&otilde;es das pessoas. Em vez de 12, haver&aacute; espa&ccedil;o para 20 interven&ccedil;&otilde;es para cada momento do evento, somando 40 inscri&ccedil;&otilde;es Segundo o edital, cada fala ter&aacute; no m&aacute;ximo cinco minutos e dever&aacute; ater-se exclusivamente ao tema da audi&ecirc;ncia.<\/p>\n<p>Contribui&ccedil;&otilde;es por escrito devem ser enviadas para o mesmo endere&ccedil;o eletr&ocirc;nico e ser&atilde;o remetidas a todos os membros do Conselho Curador.<\/p>\n<p>A audi&ecirc;ncia p&uacute;blica se dividir&aacute; em dois momentos. O primeiro ser&aacute; destinado &agrave; discuss&atilde;o da programa&ccedil;&atilde;o da TV Brasil. O segundo ficar&aacute; reservado para as contribui&ccedil;&otilde;es do p&uacute;blico sobre os programas das emissoras de r&aacute;dio da EBC, como a R&aacute;dio Nacional e as r&aacute;dios MEC AM e FM. Em ambos os momentos, as discuss&otilde;es ser&atilde;o precedidas por uma apresenta&ccedil;&atilde;o da diretoria-executiva da  empresa.<\/p>\n<p>No entanto, alguns temas importantes para o futuro da EBC e do sistema p&uacute;blico de comunica&ccedil;&atilde;o dever&atilde;o ficar de fora desta audi&ecirc;ncia, como os investimentos que t&ecirc;m sido feitos para expandir a empresa (por exemplo, o investimento em uma nova sede em S&atilde;o Paulo e a cria&ccedil;&atilde;o de outra em Porto Alegre) e a implanta&ccedil;&atilde;o do Operador de Rede Digital.<\/p>\n<p>A EBC possui tr&ecirc;s canais de TV, entre eles a TV Brasil. Mant&eacute;m tamb&eacute;m a Ag&ecirc;ncia Brasil e oito emissoras de r&aacute;dio espalhadas pelo pa&iacute;s. <\/p>\n<p><strong>Servi&ccedil;o<\/strong><br \/><em>O que:<\/em> Audi&ecirc;ncia P&uacute;blica sobre a programa&ccedil;&atilde;o dos ve&iacute;culos da EBC<br \/><em>Data: <\/em>1&ordm; de junho<br \/><em>Local: <\/em>Audit&oacute;rio da R&aacute;dio Nacional, Pra&ccedil;a Mau&aacute;, n&ordm; 7, 21&ordm; andar , Rio de Janeiro<br \/><em>Hora:<\/em>13h30 &agrave;s 18h30<br \/><em>Inscri&ccedil;&otilde;es: <\/em>conselho.curador@ebc.com.br<\/p>\n","protected":false},"excerpt":{"rendered":"<p>Reuni&atilde;o ser&aacute; realizada em 1&ordm; de junho, no Rio; &eacute; a segunda vez que &oacute;rg&atilde;o da Empresa Brasil de Comunica&ccedil;&atilde;o realiza evento deste tipo<\/p>\n","protected":false},"author":1,"featured_media":0,"comment_status":"open","ping_status":"open","sticky":false,"template":"","format":"standard","meta":{"footnotes":""},"categories":[40],"tags":[832],"_links":{"self":[{"href":"https:\/\/obscom.intervozes.org.br\/index.php?rest_route=\/wp\/v2\/posts\/24445"}],"collection":[{"href":"https:\/\/obscom.intervozes.org.br\/index.php?rest_route=\/wp\/v2\/posts"}],"about":[{"href":"https:\/\/obscom.intervozes.org.br\/index.php?rest_route=\/wp\/v2\/types\/post"}],"author":[{"embeddable":true,"href":"https:\/\/obscom.intervozes.org.br\/index.php?rest_route=\/wp\/v2\/users\/1"}],"replies":[{"embeddable":true,"href":"https:\/\/obscom.intervozes.org.br\/index.php?rest_route=%2Fwp%2Fv2%2Fcomments&post=24445"}],"version-history":[{"count":0,"href":"https:\/\/obscom.intervozes.org.br\/index.php?rest_route=\/wp\/v2\/posts\/24445\/revisions"}],"wp:attachment":[{"href":"https:\/\/obscom.intervozes.org.br\/index.php?rest_route=%2Fwp%2Fv2%2Fmedia&parent=24445"}],"wp:term":[{"taxonomy":"category","embeddable":true,"href":"https:\/\/obscom.intervozes.org.br\/index.php?rest_route=%2Fwp%2Fv2%2Fcategories&post=24445"},{"taxonomy":"post_tag","embeddable":true,"href":"https:\/\/obscom.intervozes.org.br\/index.php?rest_route=%2Fwp%2Fv2%2Ftags&post=24445"}],"curies":[{"name":"wp","href":"https:\/\/api.w.org\/{rel}","templated":true}]}}