{"id":24436,"date":"2010-05-20T17:06:38","date_gmt":"2010-05-20T17:06:38","guid":{"rendered":"https:\/\/obscom.intervozes.org.br\/wordpress\/?p=24436"},"modified":"2010-05-20T17:06:38","modified_gmt":"2010-05-20T17:06:38","slug":"reducao-de-impostos-previstas-no-plano-nacional-de-banda-larga-ainda-serao-negociadas","status":"publish","type":"post","link":"https:\/\/obscom.intervozes.org.br\/?p=24436","title":{"rendered":"Redu\u00e7\u00e3o de impostos previstas no Plano Nacional de Banda Larga ainda ser\u00e3o negociadas"},"content":{"rendered":"<p>   \t \t \t \t \t<!-- \t\t@page { margin: 2cm } \t\tP { margin-bottom: 0.21cm } \t--> \t  <\/p>\n<p style=\"margin-bottom: 0cm\" class=\"padrao\"><strong>Reproduzido do Tele.S&iacute;ntese<\/strong><\/p>\n<p><em>[T&iacute;tulo original: Desonera&ccedil;&atilde;o de modens n&atilde;o ser&aacute; imediata]<\/em><\/p>\n<p>A Medida Provis&oacute;ria com a desonera&ccedil;&atilde;o do PIS\/Cofins para os modems, aguardada pela ind&uacute;stria desde o an&uacute;ncio do Plano Nacional de Banda Larga, n&atilde;o ser&aacute; publicada por enquanto. Fontes do Pal&aacute;cio do Planalto informam que o governo quer negociar com os diferentes agentes tanto esta desonera&ccedil;&atilde;o &#8211; anunciada durante o lan&ccedil;amento do PNBL &#8211; como outras desonera&ccedil;&otilde;es, que poderiam recair sobre a presta&ccedil;&atilde;o do servi&ccedil;o.<\/p>\n<p>Segundo fontes do Comit&ecirc; Gestor do&nbsp; Programa de Inclus&atilde;o Digital (CCPID), as medidas de desonera&ccedil;&atilde;o v&atilde;o depender do envolvimento e do compromisso das operadoras com o programa. Mas a redu&ccedil;&atilde;o do imposto j&aacute; teria sido acertada com o Minist&eacute;rio da Fazenda, e n&atilde;o estaria voltada apenas para os modens da 3G da telefonia celular, mas seria adotada tamb&eacute;m nos modens da telefonia fixa (ADLS) e da TV por Assinatura (cable modem). <\/p>\n<p>Tanto a desonera&ccedil;&atilde;o dos equipamentos como a de impostos que incidem sobre o servi&ccedil;o de banda larga (Fust, Fistel e demais impostos federais) dependem das negocia&ccedil;&otilde;es que o governo vai desenvolver com operadoras e provedores de servi&ccedil;os. Assim, a iniciativa, tamb&eacute;m anunciada na coletiva, de isen&ccedil;&atilde;o do Fust (Fundo de Universaliza&ccedil;&atilde;o) para os pequenos provedores&nbsp; enquadrados no Simples tamb&eacute;m ser&aacute; colocada nesta mesa de negocia&ccedil;&atilde;o. <em>(Fonte: Tele.S&iacute;ntese An&aacute;lise)<\/em><\/p>\n","protected":false},"excerpt":{"rendered":"<p>Reproduzido do Tele.S&iacute;ntese [T&iacute;tulo original: Desonera&ccedil;&atilde;o de modens n&atilde;o ser&aacute; imediata] A Medida Provis&oacute;ria com a desonera&ccedil;&atilde;o do PIS\/Cofins para os modems, aguardada pela ind&uacute;stria desde o an&uacute;ncio do Plano Nacional de Banda Larga, n&atilde;o ser&aacute; publicada por enquanto. Fontes do Pal&aacute;cio do Planalto informam que o governo quer negociar com os diferentes agentes tanto &hellip; <a href=\"https:\/\/obscom.intervozes.org.br\/?p=24436\" class=\"more-link\">Continue lendo <span class=\"screen-reader-text\">Redu\u00e7\u00e3o de impostos previstas no Plano Nacional de Banda Larga ainda ser\u00e3o negociadas<\/span> <span class=\"meta-nav\">&rarr;<\/span><\/a><\/p>\n","protected":false},"author":1,"featured_media":0,"comment_status":"open","ping_status":"open","sticky":false,"template":"","format":"standard","meta":{"footnotes":""},"categories":[39],"tags":[],"_links":{"self":[{"href":"https:\/\/obscom.intervozes.org.br\/index.php?rest_route=\/wp\/v2\/posts\/24436"}],"collection":[{"href":"https:\/\/obscom.intervozes.org.br\/index.php?rest_route=\/wp\/v2\/posts"}],"about":[{"href":"https:\/\/obscom.intervozes.org.br\/index.php?rest_route=\/wp\/v2\/types\/post"}],"author":[{"embeddable":true,"href":"https:\/\/obscom.intervozes.org.br\/index.php?rest_route=\/wp\/v2\/users\/1"}],"replies":[{"embeddable":true,"href":"https:\/\/obscom.intervozes.org.br\/index.php?rest_route=%2Fwp%2Fv2%2Fcomments&post=24436"}],"version-history":[{"count":0,"href":"https:\/\/obscom.intervozes.org.br\/index.php?rest_route=\/wp\/v2\/posts\/24436\/revisions"}],"wp:attachment":[{"href":"https:\/\/obscom.intervozes.org.br\/index.php?rest_route=%2Fwp%2Fv2%2Fmedia&parent=24436"}],"wp:term":[{"taxonomy":"category","embeddable":true,"href":"https:\/\/obscom.intervozes.org.br\/index.php?rest_route=%2Fwp%2Fv2%2Fcategories&post=24436"},{"taxonomy":"post_tag","embeddable":true,"href":"https:\/\/obscom.intervozes.org.br\/index.php?rest_route=%2Fwp%2Fv2%2Ftags&post=24436"}],"curies":[{"name":"wp","href":"https:\/\/api.w.org\/{rel}","templated":true}]}}