{"id":24428,"date":"2010-05-19T16:41:45","date_gmt":"2010-05-19T16:41:45","guid":{"rendered":"https:\/\/obscom.intervozes.org.br\/wordpress\/?p=24428"},"modified":"2010-05-19T16:41:45","modified_gmt":"2010-05-19T16:41:45","slug":"novas-outorgas-de-cabo-estarao-disponiveis-ate-julho-diz-superintendente-da-anatel","status":"publish","type":"post","link":"https:\/\/obscom.intervozes.org.br\/?p=24428","title":{"rendered":"Novas outorgas de cabo estar\u00e3o dispon\u00edveis at\u00e9 julho, diz superintendente da Anatel"},"content":{"rendered":"<p> \t<!-- \t\t@page { margin: 2cm } \t\tP { margin-bottom: 0.21cm } \t--> \t <\/p>\n<p style=\"margin-bottom: 0cm\" class=\"padrao\"><strong>Reproduzido do site TeleTime <\/strong><\/p>\n<p style=\"margin-bottom: 0cm\" class=\"padrao\">&nbsp;<\/p>\n<p style=\"margin-bottom: 0cm\" class=\"western\"><span class=\"padrao\">O superintendente de servi&ccedil;os de comunica&ccedil;&atilde;o de massa da Anatel, Ara Apkar Minassian, disse nesta ter&ccedil;a-feira, 18, que at&eacute; julho a ag&ecirc;ncia deve terminar o novo planejamento de outorgas de TV por assinatura e lan&ccedil;ar um chamamento p&uacute;blico. No novo planejamento n&atilde;o haver&aacute; mais limites de outorgas por munic&iacute;pio. Entretanto, o superintendente sinalizou que primeiramente ser&atilde;o liberadas novas outorgas nos munic&iacute;pios onde hoje n&atilde;o existe o servi&ccedil;o. &quot;Vamos preencher as lacunas onde os investidores est&atilde;o querendo atuar. Temos mais de 700 pedidos de outorgas de TV por assinatura na ag&ecirc;ncia&quot;, diz ele. <\/p>\n<p><\/span> <\/p>\n<p style=\"margin-bottom: 0cm\" class=\"western\"><span class=\"padrao\">Ara Minassian ressalta que o novo planejamento sai independentemente da aprova&ccedil;&atilde;o ou n&atilde;o do PL 29, confirmando o que j&aacute; havia dito a conselheira Em&iacute;lia Ribeiro, relatora da mat&eacute;ria na Anatel. Ou seja, as veda&ccedil;&otilde;es impostas pela Lei do Cabo permanecem. &quot;Todas as determina&ccedil;&otilde;es da Lei do Cabo e de outros regulamentos ser&atilde;o integralmente respeitadas. A Anatel n&atilde;o vai passar por cima da legisla&ccedil;&atilde;o&quot;. <\/p>\n<p><\/span> <\/p>\n<p style=\"margin-bottom: 0cm\" class=\"western\"><span class=\"padrao\">Sobre o in&iacute;cio da oferta em cidades onde n&atilde;o h&aacute; o servi&ccedil;o, Minassinan diz que isso se deve a uma quest&atilde;o administrativa da pr&oacute;pria Anatel. Segundo ele, a ag&ecirc;ncia n&atilde;o teria capacidade para processar, por exemplo, 6 mil pedidos de outorgas. Mas a partir da&iacute;, ser&aacute; &quot;quest&atilde;o de meses&quot; para que novas outorgas sejam liberadas. &quot;Infelizmente n&atilde;o consigo agradar a todos ao mesmo tempo&quot;, ressalta. <\/p>\n<p><\/span> <\/p>\n<p style=\"margin-bottom: 0cm\" class=\"western\"><span class=\"padrao\">H&aacute; um ponto ainda nebuloso em rela&ccedil;&atilde;o a esse novo planejamento que &eacute; a natureza jur&iacute;dica dessa outorga. Minassinan diz que o entendimento da Anatel &eacute; que a outorga de TV por assinatura &eacute; uma &quot;concess&atilde;o com caracter&iacute;sticas de autoriza&ccedil;&atilde;o&quot;. Minassian garante, entretanto, que essa d&uacute;vida n&atilde;o vai atrasar o cronograma. &quot;Vamos ver o que a procuradoria da Anatel vai falar. Se for o caso, transforma-se o chamamento em licita&ccedil;&atilde;o&quot;. Ara Minassian participou nesta ter&ccedil;a-feira, 18, do 22&ordm; Encontro Teles&iacute;ntese, que aconteceu em S&atilde;o Paulo. (<em>Helton Posseti<\/em>)<\/span> \t<!-- \t\t@page { margin: 2cm } \t\tP { margin-bottom: 0.21cm } \t-- \t  <\/p>\n\n \n\n<p style=\"margin-bottom: 0cm\" class=\"western\"> <\/p>\n\n \n<\/p>\n","protected":false},"excerpt":{"rendered":"<p>Reproduzido do site TeleTime &nbsp; O superintendente de servi&ccedil;os de comunica&ccedil;&atilde;o de massa da Anatel, Ara Apkar Minassian, disse nesta ter&ccedil;a-feira, 18, que at&eacute; julho a ag&ecirc;ncia deve terminar o novo planejamento de outorgas de TV por assinatura e lan&ccedil;ar um chamamento p&uacute;blico. No novo planejamento n&atilde;o haver&aacute; mais limites de outorgas por munic&iacute;pio. Entretanto, &hellip; <a href=\"https:\/\/obscom.intervozes.org.br\/?p=24428\" class=\"more-link\">Continue lendo <span class=\"screen-reader-text\">Novas outorgas de cabo estar\u00e3o dispon\u00edveis at\u00e9 julho, diz superintendente da Anatel<\/span> <span class=\"meta-nav\">&rarr;<\/span><\/a><\/p>\n","protected":false},"author":1,"featured_media":0,"comment_status":"open","ping_status":"open","sticky":false,"template":"","format":"standard","meta":{"footnotes":""},"categories":[39],"tags":[],"_links":{"self":[{"href":"https:\/\/obscom.intervozes.org.br\/index.php?rest_route=\/wp\/v2\/posts\/24428"}],"collection":[{"href":"https:\/\/obscom.intervozes.org.br\/index.php?rest_route=\/wp\/v2\/posts"}],"about":[{"href":"https:\/\/obscom.intervozes.org.br\/index.php?rest_route=\/wp\/v2\/types\/post"}],"author":[{"embeddable":true,"href":"https:\/\/obscom.intervozes.org.br\/index.php?rest_route=\/wp\/v2\/users\/1"}],"replies":[{"embeddable":true,"href":"https:\/\/obscom.intervozes.org.br\/index.php?rest_route=%2Fwp%2Fv2%2Fcomments&post=24428"}],"version-history":[{"count":0,"href":"https:\/\/obscom.intervozes.org.br\/index.php?rest_route=\/wp\/v2\/posts\/24428\/revisions"}],"wp:attachment":[{"href":"https:\/\/obscom.intervozes.org.br\/index.php?rest_route=%2Fwp%2Fv2%2Fmedia&parent=24428"}],"wp:term":[{"taxonomy":"category","embeddable":true,"href":"https:\/\/obscom.intervozes.org.br\/index.php?rest_route=%2Fwp%2Fv2%2Fcategories&post=24428"},{"taxonomy":"post_tag","embeddable":true,"href":"https:\/\/obscom.intervozes.org.br\/index.php?rest_route=%2Fwp%2Fv2%2Ftags&post=24428"}],"curies":[{"name":"wp","href":"https:\/\/api.w.org\/{rel}","templated":true}]}}