{"id":24422,"date":"2010-05-18T16:49:06","date_gmt":"2010-05-18T16:49:06","guid":{"rendered":"https:\/\/obscom.intervozes.org.br\/wordpress\/?p=24422"},"modified":"2010-05-18T16:49:06","modified_gmt":"2010-05-18T16:49:06","slug":"duas-chapas-concorrem-a-direcao-da-fenaj","status":"publish","type":"post","link":"https:\/\/obscom.intervozes.org.br\/?p=24422","title":{"rendered":"Duas chapas concorrem \u00e0 dire\u00e7\u00e3o da FENAJ"},"content":{"rendered":"<p> \t<!-- \t\t@page { margin: 2cm } \t\tP { margin-bottom: 0.21cm } \t--> \t <\/p>\n<p style=\"margin-bottom: 0cm\" class=\"western\"><span class=\"padrao\">Homologadas pela Comiss&atilde;o Eleitoral Nacional no dia 7 de maio, duas chapas est&atilde;o inscritas para a elei&ccedil;&atilde;o da FENAJ, que ocorre de 27 a 29 de julho. A chapa 1, &ldquo;Virar o Jogo! Em Defesa do Jornalismo e do Jornalista&rdquo;, &eacute; encabe&ccedil;ada por Celso Schr&ouml;der (RS) e organizada pela atual gest&atilde;o da FENAJ. J&aacute; a chapa 2, de oposi&ccedil;&atilde;o, &eacute; encabe&ccedil;ada por Pedro Pomar (SP). A Comiss&atilde;o Eleitoral Nacional volta a se reunir no dia 28 de maio para definir procedimentos organizativos do processo eleitoral da Federa&ccedil;&atilde;o.<\/p>\n<p><\/span> <\/p>\n<p style=\"margin-bottom: 0cm\" class=\"western\"><span class=\"padrao\">Na reuni&atilde;o do dia 7 de maio, ap&oacute;s analisar a composi&ccedil;&atilde;o das duas chapas e sua conformidade com os Estatutos e o Edital de convoca&ccedil;&atilde;o da elei&ccedil;&atilde;o da Federa&ccedil;&atilde;o, e sem a ocorr&ecirc;ncia de pedido de impugna&ccedil;&atilde;o de nenhuma candidatura, a Comiss&atilde;o Eleitoral Nacional homologou-as integralmente. Al&eacute;m da nova diretoria e Conselho Fiscal da FENAJ, no mesmo per&iacute;odo ser&aacute; eleita, tamb&eacute;m, a nova Comiss&atilde;o Nacional de &Eacute;tica. Embora as candidaturas &agrave; CNE possam ser avulsas, a Chapa 1 foi a &uacute;nica que inscreveu cinco candidatos para concorrerem &agrave;s cinco vagas da Comiss&atilde;o.<\/p>\n<p><\/span> <\/p>\n<p style=\"margin-bottom: 0cm\" class=\"western\"><span class=\"padrao\">Para a reuni&atilde;o do dia 28 de maio, a Comiss&atilde;o dever&aacute; se debru&ccedil;ar sobre aspectos organizativos do processo eleitoral, como a rela&ccedil;&atilde;o completa dos associados aos 31 Sindicatos de Jornalistas do pa&iacute;s, com seus respectivos endere&ccedil;os e data de filia&ccedil;&atilde;o. A listagem dos jornalistas aptos a votar dever&aacute; ser elaborada at&eacute; o dia 16 de julho. Ainda assim, associado que ficar em dia no momento do voto, exclusivamente na base a que pertence, com comprova&ccedil;&atilde;o pr&eacute;via perante a Mesa Receptora, poder&aacute; votar.<\/p>\n<p><\/span> <\/p>\n<p style=\"margin-bottom: 0cm\" class=\"western\"><span class=\"padrao\">Tamb&eacute;m entre os procedimentos que a Comiss&atilde;o Eleitoral Nacional dever&aacute; iniciar a partir do dia 28 est&aacute; a composi&ccedil;&atilde;o das Comiss&otilde;es Eleitorais Locais, que se encarregar&atilde;o da coordena&ccedil;&atilde;o do processo nas bases de seus Sindicatos. Estas dever&atilde;o ser designadas pelos presidentes dos Sindicatos, ouvidas suas respectivas diretorias e consultadas as chapas concorrentes. A composi&ccedil;&atilde;o das Comiss&otilde;es Eleitorais Locais dever&aacute; ser comunicada &agrave; Comiss&atilde;o Eleitoral Nacional no m&aacute;ximo at&eacute; 15 dias antes do in&iacute;cio da elei&ccedil;&atilde;o.<\/p>\n<p><\/span> <\/p>\n<p style=\"margin-bottom: 0cm\" class=\"western\"><span class=\"padrao\">Veja, a seguir, a composi&ccedil;&atilde;o das duas chapas inscritas.<\/p>\n<p><\/span> <\/p>\n<p style=\"margin-bottom: 0cm\" class=\"western\"><span class=\"padrao\"><strong>CHAPA 1 &ldquo;VIRAR O JOGO! EM DEFESA DO JORNALISMO E DO JORNALISTA&rdquo;<\/strong><\/p>\n<p><em>Executiva<\/em><\/p>\n<p>Presid&ecirc;ncia &#8211; Celso Schr&ouml;der (RS)<br \/>1&ordf; Vice &#8211; Maria Jos&eacute; Braga (GO)<br \/>2&ordf; Vice &#8211; Suzana Blass (MRJ)<br \/>Secretaria Geral &#8211; Guto Camargo (SP)<br \/>1&ordf; secretaria &ndash; Ant&ocirc;nio Paulo Santos (AM)<br \/>Tesouraria &#8211; D&eacute;borah Lima (CE)<br \/>2&ordf; Tesouraria &ndash; Valci Zuculoto (SC)<br \/>1&ordf; Supl&ecirc;ncia &#8211; Sheila Faro (PA)<br \/>2&ordf; Supl&ecirc;ncia &#8211; Jos&eacute; Carlos Torves (RS)<\/p>\n<p><\/span> <\/p>\n<p style=\"margin-bottom: 0cm\" class=\"western\"><span class=\"padrao\"><em>Vice-presid&ecirc;ncias Regionais<\/em><\/p>\n<p>Vice Centro-Oeste &#8211; Luiz Carlos Luciano (Dourados\/MS)<br \/>Vice Sul &#8211; Jos&eacute; Nunes (RS)<br \/>Vice Sudeste &#8211; M&aacute;rcia Quintanilha (SP)<br \/>Vice Nordeste I &#8211; Rafael Freire (PB)<br \/>Vice Nordeste II &#8211; Marjorie Moura (BA)<br \/>Vice Norte I &#8211; Jane Vasconcelos (AC)<br \/>Vice Norte II &#8211; Volney Oliveira (AP)<\/p>\n<p><\/span> <\/p>\n<p style=\"margin-bottom: 0cm\" class=\"western\"><span class=\"padrao\"><em>Departamentos<\/em><\/p>\n<p>Educa&ccedil;&atilde;o e Aperfei&ccedil;oamento Profissional: Carmen Pereira (MRJ), C&eacute;sar Wanderley (AM), Patr&iacute;cia Bandeira de Melo (PE)<br \/>Rela&ccedil;&otilde;es Institucionais: Beth Costa (MRJ), S&eacute;rgio Murillo de Andrade (SC), Luiz Spada (GO)<br \/>Mobiliza&ccedil;&atilde;o, Negocia&ccedil;&atilde;o Salarial e Direito Autoral: S&ocirc;nia Regina Gomes (MRJ), Valdice Gomes (AL), Osnaldo Moraes (PE)<br \/>Cultura e Eventos: Nelly Carlos (RN), &Acirc;ngela Marinho (CE), Jos&eacute; Gilvan da Costa (RR)<br \/>Mobiliza&ccedil;&atilde;o em Assessoria de Comunica&ccedil;&atilde;o: Douglas Dantas (ES), J&uacute;nior Veras (TO), Fl&aacute;vio Peixoto (AL)<br \/>Rela&ccedil;&otilde;es Internacionais: Ayoub Ayoub (Londrina\/PR), Claylson Martins (CE), Alcimir Carmo (SP)<br \/>Departamento de Mobiliza&ccedil;&atilde;o dos Jornalistas de Produ&ccedil;&atilde;o e Imagem: Andr&eacute; Freire (SP), Luiz Vaz (RS), Milton Alves (MG)<br \/>Sa&uacute;de e Previd&ecirc;ncia: Regina Maria Ferreira de Oliveira (BA), Gl&aacute;ucia Regina Loriato do Nascimento (ES), L&uacute;cia Figueiredo (PB)<\/p>\n<p><\/span> <\/p>\n<p style=\"margin-bottom: 0cm\" class=\"western\"><span class=\"padrao\"><em>Conselho Fiscal<\/em><\/p>\n<p>Carlos Fernandez (MG), Edson Verber da Silva (PB), Luiz Carlos de Oliveira Silva (PI)<\/p>\n<p><\/span> <\/p>\n<p style=\"margin-bottom: 0cm\" class=\"western\"><span class=\"padrao\"><em>Comiss&atilde;o Nacional de &Eacute;tica <\/em><\/p>\n<p>Regina Deliberai (MT), J&uacute;lio Tarnowski J&uacute;nior (PR), Rossini Barreira (PE), Suzana Tatagiba (ES), Gerson Martins (MS)<\/p>\n<p><\/span> <\/p>\n<p style=\"margin-bottom: 0cm\" class=\"padrao\"><strong>CHAPA 2 &ldquo;LUTA FENAJ&rdquo;<\/strong><\/p>\n<p style=\"margin-bottom: 0cm\" class=\"western\"> <\/p>\n<p style=\"margin-bottom: 0cm\" class=\"western\"><span class=\"padrao\"><em>Executiva<\/em><\/p>\n<p>Presidente: Pedro Pomar (SP)<br \/>1&ordm; Vice-Presidente: George Washington (SE)<br \/>2&ordf; Vice-Presidente: Cl&aacute;udia de Abreu (RJ)<br \/>Secret&aacute;ria-Geral: Elaine Tavares (SC)<br \/>1&ordf; Secret&aacute;ria: Leonor Costa (DF)<br \/>1&ordf; Tesoureira: Bia Barbosa (SP)<br \/>2&ordm; Tesoureiro: Dilamar Machado (RS)<br \/>1&ordm; Suplente: Leovegildo Leal (MG)<br \/>2&ordf; Suplente: &Eacute;lida Miranda (AL)<\/p>\n<p><\/span> <\/p>\n<p style=\"margin-bottom: 0cm\" class=\"western\"><span class=\"padrao\"><em>Vice-presid&ecirc;ncias Regionais <\/em><\/p>\n<p>Vice Norte I &#8211; Evelyn Morales (RO)<br \/>Vice Norte II &#8211; Rosemary Gomes (PA)<br \/>Vice Nordeste I &#8211; Iano Fl&aacute;vio Maia (RN)<br \/>Vice Nordeste II &#8211; Fl&aacute;via Adriana Azevedo (BA)<br \/>Vice Sudeste &#8211; Jo&atilde;o Montenegro (SP)<br \/>Vice Centro-Oeste &#8211; Alcione dos Anjos (MT)<br \/>Vice Sul &#8211; Lenise Klenk (PR)<\/p>\n<p><\/span> <\/p>\n<p style=\"margin-bottom: 0cm\" class=\"western\"><span class=\"padrao\"><em>Departamentos<\/em><\/p>\n<p>Rela&ccedil;&otilde;es Institucionais: Juliana Nunes (DF), Daniel Hammes (RS), Keka Werneck (MT) <br \/>Rela&ccedil;&otilde;es internacionais: M&aacute;rio Augusto Jakobskind (RJ), L&uacute;cia Rodrigues (SP), Jonas Valente (DF)<br \/>Educa&ccedil;&atilde;o e Aperfei&ccedil;oamento Profissional: Em&iacute;lia Magalh&atilde;es (DF), Gibran Lachowski (MT), Ernesto Marques (BA)<br \/>Cultura e Eventos: Bernardete Travassos (RJ), Valn&iacute;sia Mangueira (PR), Luisa Monteiro de S&aacute; (MG)<br \/>Mobiliza&ccedil;&atilde;o, Negocia&ccedil;&atilde;o Salarial e Direito Autoral: Miriam Santini (SC), Luis Gustavo Mesquita (SP), Adriano Boaventura (MG)<br \/>Mobiliza&ccedil;&atilde;o em Assessoria de Comunica&ccedil;&atilde;o: &Aacute;lvaro Britto (RJ), Caroline Santos (SE), Pedro Carrano (PR)<br \/>Mobiliza&ccedil;&atilde;o dos Jornalistas de Produ&ccedil;&atilde;o e Imagem: Wellington In&aacute;cio (SP), F&aacute;tima Gon&ccedil;alves (PA), Juliano Nery (MG)<br \/>Sa&uacute;de e Previd&ecirc;ncia: Luiz Edmundo Continentino Porto (RJ), Elis&acirc;ngela Valen&ccedil;a (SE), Marcos Erlan (MG)<\/p>\n<p><\/span> <\/p>\n<p style=\"margin-bottom: 0cm\" class=\"padrao\"><em>Conselho Fiscal<\/em><\/p>\n<p>Najla Passos (DF), Cl&aacute;udio Sommacal (RS), M&aacute;rcia Raquel (MT)  <\/p>\n","protected":false},"excerpt":{"rendered":"<p>Homologadas pela Comiss&atilde;o Eleitoral Nacional no dia 7 de maio, duas chapas est&atilde;o inscritas para a elei&ccedil;&atilde;o da FENAJ, que ocorre de 27 a 29 de julho. A chapa 1, &ldquo;Virar o Jogo! Em Defesa do Jornalismo e do Jornalista&rdquo;, &eacute; encabe&ccedil;ada por Celso Schr&ouml;der (RS) e organizada pela atual gest&atilde;o da FENAJ. J&aacute; a &hellip; <a href=\"https:\/\/obscom.intervozes.org.br\/?p=24422\" class=\"more-link\">Continue lendo <span class=\"screen-reader-text\">Duas chapas concorrem \u00e0 dire\u00e7\u00e3o da FENAJ<\/span> <span class=\"meta-nav\">&rarr;<\/span><\/a><\/p>\n","protected":false},"author":1,"featured_media":0,"comment_status":"open","ping_status":"open","sticky":false,"template":"","format":"standard","meta":{"footnotes":""},"categories":[40],"tags":[797],"_links":{"self":[{"href":"https:\/\/obscom.intervozes.org.br\/index.php?rest_route=\/wp\/v2\/posts\/24422"}],"collection":[{"href":"https:\/\/obscom.intervozes.org.br\/index.php?rest_route=\/wp\/v2\/posts"}],"about":[{"href":"https:\/\/obscom.intervozes.org.br\/index.php?rest_route=\/wp\/v2\/types\/post"}],"author":[{"embeddable":true,"href":"https:\/\/obscom.intervozes.org.br\/index.php?rest_route=\/wp\/v2\/users\/1"}],"replies":[{"embeddable":true,"href":"https:\/\/obscom.intervozes.org.br\/index.php?rest_route=%2Fwp%2Fv2%2Fcomments&post=24422"}],"version-history":[{"count":0,"href":"https:\/\/obscom.intervozes.org.br\/index.php?rest_route=\/wp\/v2\/posts\/24422\/revisions"}],"wp:attachment":[{"href":"https:\/\/obscom.intervozes.org.br\/index.php?rest_route=%2Fwp%2Fv2%2Fmedia&parent=24422"}],"wp:term":[{"taxonomy":"category","embeddable":true,"href":"https:\/\/obscom.intervozes.org.br\/index.php?rest_route=%2Fwp%2Fv2%2Fcategories&post=24422"},{"taxonomy":"post_tag","embeddable":true,"href":"https:\/\/obscom.intervozes.org.br\/index.php?rest_route=%2Fwp%2Fv2%2Ftags&post=24422"}],"curies":[{"name":"wp","href":"https:\/\/api.w.org\/{rel}","templated":true}]}}