{"id":24421,"date":"2010-05-18T16:07:42","date_gmt":"2010-05-18T16:07:42","guid":{"rendered":"https:\/\/obscom.intervozes.org.br\/wordpress\/?p=24421"},"modified":"2010-05-18T16:07:42","modified_gmt":"2010-05-18T16:07:42","slug":"emissoras-de-radio-gauchas-voltam-a-transmitir-a-voz-do-brasil-em-horario-habitual","status":"publish","type":"post","link":"https:\/\/obscom.intervozes.org.br\/?p=24421","title":{"rendered":"Emissoras de r\u00e1dio ga\u00fachas voltam a transmitir &#8220;A Voz do Brasil&#8221; em hor\u00e1rio habitual"},"content":{"rendered":"<p> \t<!-- \t\t@page { margin: 2cm } \t\tP { margin-bottom: 0.21cm } \t--> \t <\/p>\n<p style=\"margin-bottom: 0cm\" class=\"padrao\"><strong>Reproduzido do Portal Imprensa <\/strong><\/p>\n<p style=\"margin-bottom: 0cm\" class=\"padrao\">&nbsp;<\/p>\n<p style=\"margin-bottom: 0cm\" class=\"western\"><span class=\"padrao\">Na &uacute;ltima segunda-feira (17), as emissoras de r&aacute;dio ga&uacute;chas voltaram a transmitir &agrave;s 19h o programa &quot;A Voz do Brasil&quot;. <\/p>\n<p><\/span> <\/p>\n<p style=\"margin-bottom: 0cm\" class=\"western\"><span class=\"padrao\">De acordo com o Estad&atilde;o, a Associa&ccedil;&atilde;o Ga&uacute;cha de Emissoras de R&aacute;dio e Televis&atilde;o (Agert) enviou uma orienta&ccedil;&atilde;o &agrave;s 320 afiliadas em que o Minist&eacute;rio das Comunica&ccedil;&otilde;es suspendeu a flexibiliza&ccedil;&atilde;o do hor&aacute;rio de transmiss&atilde;o do programa. A decis&atilde;o foi tomada pelo ministro do Supremo Tribunal Federal (STF), Celso de Mello.<\/p>\n<p><\/span> <\/p>\n<p style=\"margin-bottom: 0cm\" class=\"padrao\">Desde 2006, por decis&atilde;o judicial, as emissoras ga&uacute;chas podiam transmitir &quot;A Voz do Brasil&quot; at&eacute; 24 horas depois da edi&ccedil;&atilde;o original, que &eacute; veiculada &agrave;s 19h.  <\/p>\n<p style=\"margin-bottom: 0cm\" class=\"western\"> <\/p>\n","protected":false},"excerpt":{"rendered":"<p>Reproduzido do Portal Imprensa &nbsp; Na &uacute;ltima segunda-feira (17), as emissoras de r&aacute;dio ga&uacute;chas voltaram a transmitir &agrave;s 19h o programa &quot;A Voz do Brasil&quot;. De acordo com o Estad&atilde;o, a Associa&ccedil;&atilde;o Ga&uacute;cha de Emissoras de R&aacute;dio e Televis&atilde;o (Agert) enviou uma orienta&ccedil;&atilde;o &agrave;s 320 afiliadas em que o Minist&eacute;rio das Comunica&ccedil;&otilde;es suspendeu a flexibiliza&ccedil;&atilde;o &hellip; <a href=\"https:\/\/obscom.intervozes.org.br\/?p=24421\" class=\"more-link\">Continue lendo <span class=\"screen-reader-text\">Emissoras de r\u00e1dio ga\u00fachas voltam a transmitir &#8220;A Voz do Brasil&#8221; em hor\u00e1rio habitual<\/span> <span class=\"meta-nav\">&rarr;<\/span><\/a><\/p>\n","protected":false},"author":1,"featured_media":0,"comment_status":"open","ping_status":"open","sticky":false,"template":"","format":"standard","meta":{"footnotes":""},"categories":[39],"tags":[],"_links":{"self":[{"href":"https:\/\/obscom.intervozes.org.br\/index.php?rest_route=\/wp\/v2\/posts\/24421"}],"collection":[{"href":"https:\/\/obscom.intervozes.org.br\/index.php?rest_route=\/wp\/v2\/posts"}],"about":[{"href":"https:\/\/obscom.intervozes.org.br\/index.php?rest_route=\/wp\/v2\/types\/post"}],"author":[{"embeddable":true,"href":"https:\/\/obscom.intervozes.org.br\/index.php?rest_route=\/wp\/v2\/users\/1"}],"replies":[{"embeddable":true,"href":"https:\/\/obscom.intervozes.org.br\/index.php?rest_route=%2Fwp%2Fv2%2Fcomments&post=24421"}],"version-history":[{"count":0,"href":"https:\/\/obscom.intervozes.org.br\/index.php?rest_route=\/wp\/v2\/posts\/24421\/revisions"}],"wp:attachment":[{"href":"https:\/\/obscom.intervozes.org.br\/index.php?rest_route=%2Fwp%2Fv2%2Fmedia&parent=24421"}],"wp:term":[{"taxonomy":"category","embeddable":true,"href":"https:\/\/obscom.intervozes.org.br\/index.php?rest_route=%2Fwp%2Fv2%2Fcategories&post=24421"},{"taxonomy":"post_tag","embeddable":true,"href":"https:\/\/obscom.intervozes.org.br\/index.php?rest_route=%2Fwp%2Fv2%2Ftags&post=24421"}],"curies":[{"name":"wp","href":"https:\/\/api.w.org\/{rel}","templated":true}]}}