{"id":24419,"date":"2010-05-18T15:48:00","date_gmt":"2010-05-18T15:48:00","guid":{"rendered":"https:\/\/obscom.intervozes.org.br\/wordpress\/?p=24419"},"modified":"2010-05-18T15:48:00","modified_gmt":"2010-05-18T15:48:00","slug":"conselho-curador-promove-audiencia-publica-sobre-a-programacao-da-tv-brasil-e-das-radios-da-ebc","status":"publish","type":"post","link":"https:\/\/obscom.intervozes.org.br\/?p=24419","title":{"rendered":"Conselho Curador promove audi\u00eancia p\u00fablica sobre a programa\u00e7\u00e3o da TV Brasil e das r\u00e1dios da EBC"},"content":{"rendered":"<p><!-- \t\t@page { margin: 2cm } \t\tP { margin-bottom: 0.21cm } \t--><\/p>\n<p style=\"margin-bottom: 0cm\" class=\"western\"><span class=\"padrao\">O Conselho Curador da EBC realizar&aacute; a sua primeira audi&ecirc;ncia p&uacute;blica do ano no dia 1&ordm;&nbsp; de junho, no Rio de Janeiro. A audi&ecirc;ncia &ndash; determina&ccedil;&atilde;o prevista na Lei que criou a EBC &ndash; tem como objetivo coletar cr&iacute;ticas e sugest&otilde;es sobre a programa&ccedil;&atilde;o da TV Brasil e das emissoras de r&aacute;dio da empresa, dando ao &oacute;rg&atilde;o subs&iacute;dios para avaliar o conte&uacute;do desses diferentes ve&iacute;culos e, assim, indicar &agrave; diretoria-executiva as mudan&ccedil;as necess&aacute;rias para que a programa&ccedil;&atilde;o das emissoras cumpra de forma cada vez mais adequada a miss&atilde;o para a qual foi criada.<\/p>\n<p><\/span><\/p>\n<p style=\"margin-bottom: 0cm\" class=\"western\"><span class=\"padrao\">A audi&ecirc;ncia ser&aacute; realizada no Audit&oacute;rio da R&aacute;dio Nacional, na Pra&ccedil;a Mau&aacute;, das 13h30 &agrave;s 18h30. A atividade ser&aacute; dividida em dois per&iacute;odos: na primeira parte, ser&atilde;o colhidas contribui&ccedil;&otilde;es sobre a programa&ccedil;&atilde;o da TV Brasil. A segunda parte ficar&aacute; reservada para as contribui&ccedil;&otilde;es do p&uacute;blico sobre a programa&ccedil;&atilde;o das emissoras de r&aacute;dio da EBC, como a R&aacute;dio Nacional e as r&aacute;dios MEC AM e FM. Em ambos os momentos, as discuss&otilde;es ser&atilde;o precedidas por uma apresenta&ccedil;&atilde;o da diretoria-executiva da EBC sobre as recentes mudan&ccedil;as na programa&ccedil;&atilde;o das emissoras, assim como os principais planos para o futuro.<\/p>\n<p><\/span><\/p>\n<p style=\"margin-bottom: 0cm\" class=\"western\"><span class=\"padrao\">&ldquo;A participa&ccedil;&atilde;o do p&uacute;blico &eacute; fundamental para a constru&ccedil;&atilde;o da EBC, tanto das entidades organizadas como dos ouvintes e telespectadores em geral. &Eacute; partir dessas contribui&ccedil;&otilde;es que podemos definir os rumos para que o conte&uacute;do gerado pelos ve&iacute;culos da empresa cumpra da melhor forma poss&iacute;vel a sua miss&atilde;o p&uacute;blica&rdquo;, afirmou a presidente do Conselho Curador, Ima Vieira. <\/p>\n<p><\/span><\/p>\n<p style=\"margin-bottom: 0cm\" class=\"western\"><span class=\"padrao\"><strong>Inscri&ccedil;&otilde;es<\/strong><\/p>\n<p><\/span><\/p>\n<p style=\"margin-bottom: 0cm\" class=\"western\"><span class=\"padrao\">As inscri&ccedil;&otilde;es para a audi&ecirc;ncia devem ser feitas pelo email conselho.curador@ebc.com.br, informando nome completo, RG e, caso haja, a entidade que o inscrito representar&aacute; na audi&ecirc;ncia.&nbsp; Ao enviar o email, o interessado deve informar se pretende fazer uso da palavra no momento da audi&ecirc;ncia. Contribui&ccedil;&otilde;es por escrito devem ser enviadas para o mesmo endere&ccedil;o eletr&ocirc;nico e ser&atilde;o remetidas a todos os membros do Conselho Curador.<\/p>\n<p><\/span><\/p>\n<p style=\"margin-bottom: 0cm\" class=\"western\"><span class=\"padrao\">Em cada um dos debates (programa&ccedil;&atilde;o da TV Brasil e emissoras de r&aacute;dio), cinco oradores ser&atilde;o sorteados entre as incri&ccedil;&otilde;es antecipadas e outros dez ser&atilde;o sorteados entre os inscritos no momento da audi&ecirc;ncia. A Ouvidoria da EBC ainda indicar&aacute;, a pedido do Conselho Curador, alguns ouvintes e telespectadores para que apresentem suas observa&ccedil;&atilde;o sobre a programa&ccedil;&atilde;o das emissoras. Cada interven&ccedil;&atilde;o ter&aacute; no m&aacute;ximo cinco minutos, para que o maior n&uacute;mero poss&iacute;vel de cidad&atilde;os e cidad&atilde;s possa se manifestar.<\/p>\n<p><\/span><\/p>\n<p style=\"margin-bottom: 0cm\" class=\"western\"><span class=\"padrao\">Durante a audi&ecirc;ncia, que ser&aacute; transmitida pela Internet, internautas tamb&eacute;m poder&atilde;o enviar suas considera&ccedil;&otilde;es, que ser&atilde;o, na medida do poss&iacute;vel, apresentadas a todo o plen&aacute;rio pela coordena&ccedil;&atilde;o dos trabalhos da audi&ecirc;ncia.<\/p>\n<p><\/span><\/p>\n<p style=\"margin-bottom: 0cm\" class=\"western\"><span class=\"padrao\">A presidente do Conselho ainda afirma que o &oacute;rg&atilde;o est&aacute; trabalhando para ser cada vez mais aberto &agrave;s cr&iacute;ticas e sugest&otilde;es do p&uacute;blico: &ldquo;Esperamos ainda este ano implementar&nbsp; instrumentos mais permanentes de di&aacute;logo com a sociedade, realizando consultas p&uacute;blicas peri&oacute;dicas e disponibilizando ferramentas que permitam maior interatividade por meio da Internet&rdquo;, completou Ima Vieira.<\/p>\n<p><\/span><\/p>\n<p style=\"margin-bottom: 0cm\" class=\"padrao\"><strong>Audi&ecirc;ncia P&uacute;blica Conselho Curador<\/strong><br \/>Tema: Programa&ccedil;&atilde;o da TV Brasil e das emissoras de r&aacute;dio da EBC<br \/>Data: 1\/6\/2010, &agrave;s 13h30<br \/>Local: Audit&oacute;rio da R&aacute;dio Nacional (Pra&ccedil;a Mau&aacute;, 7,&nbsp; 21&ordm; andar, Centro, Rio de Janeiro)<br \/>Inscri&ccedil;&otilde;es: conselho.curador@ebc.com.br (informar nome, RG e entidade, caso o inscrito seja vinculado a alguma); Inscri&ccedil;&otilde;es no momento da audi&ecirc;ncia ser&atilde;o aceitas de acordo com a capacidade do audit&oacute;rio.<\/p>\n","protected":false},"excerpt":{"rendered":"<p>O Conselho Curador da EBC realizar&aacute; a sua primeira audi&ecirc;ncia p&uacute;blica do ano no dia 1&ordm;&nbsp; de junho, no Rio de Janeiro. A audi&ecirc;ncia &ndash; determina&ccedil;&atilde;o prevista na Lei que criou a EBC &ndash; tem como objetivo coletar cr&iacute;ticas e sugest&otilde;es sobre a programa&ccedil;&atilde;o da TV Brasil e das emissoras de r&aacute;dio da empresa, dando &hellip; <a href=\"https:\/\/obscom.intervozes.org.br\/?p=24419\" class=\"more-link\">Continue lendo <span class=\"screen-reader-text\">Conselho Curador promove audi\u00eancia p\u00fablica sobre a programa\u00e7\u00e3o da TV Brasil e das r\u00e1dios da EBC<\/span> <span class=\"meta-nav\">&rarr;<\/span><\/a><\/p>\n","protected":false},"author":1,"featured_media":0,"comment_status":"open","ping_status":"open","sticky":false,"template":"","format":"standard","meta":{"footnotes":""},"categories":[40],"tags":[832],"_links":{"self":[{"href":"https:\/\/obscom.intervozes.org.br\/index.php?rest_route=\/wp\/v2\/posts\/24419"}],"collection":[{"href":"https:\/\/obscom.intervozes.org.br\/index.php?rest_route=\/wp\/v2\/posts"}],"about":[{"href":"https:\/\/obscom.intervozes.org.br\/index.php?rest_route=\/wp\/v2\/types\/post"}],"author":[{"embeddable":true,"href":"https:\/\/obscom.intervozes.org.br\/index.php?rest_route=\/wp\/v2\/users\/1"}],"replies":[{"embeddable":true,"href":"https:\/\/obscom.intervozes.org.br\/index.php?rest_route=%2Fwp%2Fv2%2Fcomments&post=24419"}],"version-history":[{"count":0,"href":"https:\/\/obscom.intervozes.org.br\/index.php?rest_route=\/wp\/v2\/posts\/24419\/revisions"}],"wp:attachment":[{"href":"https:\/\/obscom.intervozes.org.br\/index.php?rest_route=%2Fwp%2Fv2%2Fmedia&parent=24419"}],"wp:term":[{"taxonomy":"category","embeddable":true,"href":"https:\/\/obscom.intervozes.org.br\/index.php?rest_route=%2Fwp%2Fv2%2Fcategories&post=24419"},{"taxonomy":"post_tag","embeddable":true,"href":"https:\/\/obscom.intervozes.org.br\/index.php?rest_route=%2Fwp%2Fv2%2Ftags&post=24419"}],"curies":[{"name":"wp","href":"https:\/\/api.w.org\/{rel}","templated":true}]}}