{"id":24409,"date":"2010-05-17T16:39:48","date_gmt":"2010-05-17T16:39:48","guid":{"rendered":"https:\/\/obscom.intervozes.org.br\/wordpress\/?p=24409"},"modified":"2010-05-17T16:39:48","modified_gmt":"2010-05-17T16:39:48","slug":"para-sardenberg-caso-de-jarbas-valente-nao-e-diferente-dos-demais-funcionarios-da-telebras","status":"publish","type":"post","link":"https:\/\/obscom.intervozes.org.br\/?p=24409","title":{"rendered":"Para Sardenberg, caso de Jarbas Valente n\u00e3o \u00e9 diferente dos demais funcion\u00e1rios da Telebr\u00e1s"},"content":{"rendered":"<p> \t<!-- \t\t@page { margin: 2cm } \t\tP { margin-bottom: 0.21cm } \t--> \t <\/p>\n<p style=\"margin-bottom: 0cm\" class=\"padrao\">A possibilidade de repercuss&atilde;o do processo de recomposi&ccedil;&atilde;o dos quadros da Telebr&aacute;s no pr&oacute;prio Conselho Diretor da Anatel foi minimizada nesta sexta-feira, 14, pelo presidente da ag&ecirc;ncia reguladora, embaixador Ronaldo Sardenberg. Desde que o retorno da Telebr&aacute;s ao mercado de telecomunica&ccedil;&otilde;es foi confirmado na semana passada dentro do an&uacute;ncio do Plano Nacional de Banda Larga (PNBL) surgiram d&uacute;vidas sobre o futuro do conselheiro Jarbas Valente, uma vez que ele &eacute; um dos funcion&aacute;rios cedidos &agrave; Anatel pela estatal. <\/p>\n<p>Mas, para Sardenberg, n&atilde;o h&aacute; motivo para preocupa&ccedil;&otilde;es espec&iacute;ficas com rela&ccedil;&atilde;o ao caso de Valente. &quot;A minha posi&ccedil;&atilde;o pessoal &eacute; de que &eacute; irrelevante o fato de o conselheiro ser da Telebr&aacute;s. Ele &eacute; um dos 186 (servidores cedidos)&quot;, afirmou ao ser questionado se n&atilde;o existiria um conflito de interesses na manuten&ccedil;&atilde;o de ambas as posi&ccedil;&otilde;es por Valente. &quot;N&atilde;o creio que se deva considerar o caso do conselheiro Jarbas per si. Porque o assunto n&atilde;o abrange apenas o conselheiro Jarbas, mas todos os funcion&aacute;rios cedidos pela Telebr&aacute;s&quot;, argumentou. <\/p>\n<p>Sardenberg n&atilde;o quis opinar se Valente deve ou n&atilde;o pedir sua exonera&ccedil;&atilde;o dos quadros da estatal para evitar questionamentos sobre um eventual conflito no Conselho Diretor. &quot;Seria uma intromiss&atilde;o absurda. Essa &eacute; uma decis&atilde;o pessoal de cada servidor.&quot; Mas ponderou que sua an&aacute;lise de que o caso de Jarbas Valente n&atilde;o deve ser visto como um caso isolado ou com caracter&iacute;sticas espec&iacute;ficas n&atilde;o significa que a Anatel j&aacute; possui uma avalia&ccedil;&atilde;o sobre eventuais controv&eacute;rsias que possam ser geradas no Conselho Diretor sobre o assunto. &quot;N&atilde;o posso dizer que isso n&atilde;o vai criar problemas no futuro. Mas analisaremos cada caso quando for o momento&quot;, declarou. <\/p>\n<p>H&aacute;, em princ&iacute;pio, uma especificidade no caso de Jarbas Valente que o diferencia dos demais servidores cedidos pela Telebr&aacute;s &agrave; Anatel. Por ser conselheiro, Valente tem poder deliberativo, ou seja, atribui&ccedil;&otilde;es que lhe d&atilde;o poder para decidir, mesmo que dentro de um colegiado, sobre assuntos do setor. Os demais servidores ocupam cargos t&eacute;cnicos ou administrativos. E apesar de a estrutura da ag&ecirc;ncia prever um poder discricion&aacute;rios a alguns t&eacute;cnicos, essa responsabilidade estaria restrita ao n&iacute;vel de superintend&ecirc;ncia. <\/p>\n<p>Atualmente, apenas um superintendente ainda seria ligado aos quadros da Telebr&aacute;s: Fernando P&aacute;dua, que ocupa interinamente a chefia da Superintend&ecirc;ncia de Servi&ccedil;os P&uacute;blicos (SPB). Os demais superintendentes ou j&aacute; teriam se desvinculado da estatal ou jamais pertenceram a seus quadros. Esse poder de deliberar sobre um setor onde a empresa a qual est&atilde;o ligados pode configurar um eventual &quot;conflito de interesses&quot;. Este aspecto, inclusive, foi levantado pela Abrafix em carta encaminhada &agrave; Anatel nesta semana, embora a associa&ccedil;&atilde;o n&atilde;o cite casos espec&iacute;ficos onde o conflito existiria.<\/p>\n","protected":false},"excerpt":{"rendered":"<p>A possibilidade de repercuss&atilde;o do processo de recomposi&ccedil;&atilde;o dos quadros da Telebr&aacute;s no pr&oacute;prio Conselho Diretor da Anatel foi minimizada nesta sexta-feira, 14, pelo presidente da ag&ecirc;ncia reguladora, embaixador Ronaldo Sardenberg. Desde que o retorno da Telebr&aacute;s ao mercado de telecomunica&ccedil;&otilde;es foi confirmado na semana passada dentro do an&uacute;ncio do Plano Nacional de Banda Larga &hellip; <a href=\"https:\/\/obscom.intervozes.org.br\/?p=24409\" class=\"more-link\">Continue lendo <span class=\"screen-reader-text\">Para Sardenberg, caso de Jarbas Valente n\u00e3o \u00e9 diferente dos demais funcion\u00e1rios da Telebr\u00e1s<\/span> <span class=\"meta-nav\">&rarr;<\/span><\/a><\/p>\n","protected":false},"author":1,"featured_media":0,"comment_status":"open","ping_status":"open","sticky":false,"template":"","format":"standard","meta":{"footnotes":""},"categories":[40],"tags":[152],"_links":{"self":[{"href":"https:\/\/obscom.intervozes.org.br\/index.php?rest_route=\/wp\/v2\/posts\/24409"}],"collection":[{"href":"https:\/\/obscom.intervozes.org.br\/index.php?rest_route=\/wp\/v2\/posts"}],"about":[{"href":"https:\/\/obscom.intervozes.org.br\/index.php?rest_route=\/wp\/v2\/types\/post"}],"author":[{"embeddable":true,"href":"https:\/\/obscom.intervozes.org.br\/index.php?rest_route=\/wp\/v2\/users\/1"}],"replies":[{"embeddable":true,"href":"https:\/\/obscom.intervozes.org.br\/index.php?rest_route=%2Fwp%2Fv2%2Fcomments&post=24409"}],"version-history":[{"count":0,"href":"https:\/\/obscom.intervozes.org.br\/index.php?rest_route=\/wp\/v2\/posts\/24409\/revisions"}],"wp:attachment":[{"href":"https:\/\/obscom.intervozes.org.br\/index.php?rest_route=%2Fwp%2Fv2%2Fmedia&parent=24409"}],"wp:term":[{"taxonomy":"category","embeddable":true,"href":"https:\/\/obscom.intervozes.org.br\/index.php?rest_route=%2Fwp%2Fv2%2Fcategories&post=24409"},{"taxonomy":"post_tag","embeddable":true,"href":"https:\/\/obscom.intervozes.org.br\/index.php?rest_route=%2Fwp%2Fv2%2Ftags&post=24409"}],"curies":[{"name":"wp","href":"https:\/\/api.w.org\/{rel}","templated":true}]}}