{"id":24407,"date":"2010-05-17T16:32:03","date_gmt":"2010-05-17T16:32:03","guid":{"rendered":"https:\/\/obscom.intervozes.org.br\/wordpress\/?p=24407"},"modified":"2010-05-17T16:32:03","modified_gmt":"2010-05-17T16:32:03","slug":"operadoras-de-mmds-entrarao-na-justica-se-nao-houver-acordo-em-25-ghz","status":"publish","type":"post","link":"https:\/\/obscom.intervozes.org.br\/?p=24407","title":{"rendered":"Operadoras de MMDS entrar\u00e3o na Justi\u00e7a se n\u00e3o houver acordo em 2,5 GHz"},"content":{"rendered":"<p> \t<!-- \t\t@page { margin: 2cm } \t\tP { margin-bottom: 0.21cm } \t--> \t <\/p>\n<p style=\"margin-bottom: 0cm\" class=\"padrao\">Dificilmente o leil&atilde;o de 2,5 GHz acontecer&aacute; em 2012 se n&atilde;o houver modifica&ccedil;&otilde;es na divis&atilde;o do espectro originalmente proposta na consulta p&uacute;blica. Isso porque as operadoras de MMDS est&atilde;o dispostas a entrar na Justi&ccedil;a caso n&atilde;o se chegue a um acordo que aumente a faixa que lhes ser&aacute; destinada, informa Carlos Andr&eacute; de Albuquerque, presidente da Neotec, associa&ccedil;&atilde;o que as representa. &quot;O objetivo final n&atilde;o seria impedir a realiza&ccedil;&atilde;o do leil&atilde;o, mas garantir os direitos das operadoras de MMDS&quot;, ressalta Albuquerque. Ele reclama que at&eacute; agora os acenos em busca de um acordo partiram apenas das empresas de MMDS, enquanto o lado que defende o LTE permanece irredut&iacute;vel. <\/p>\n<p>Esta semana, representantes da GSM Association, do UMTS Forum, da Vivo e da TIM pediram que a Anatel decida o quanto antes o destino da faixa de 2,5 GHz e usaram a Copa do Mundo de 2014 como argumento: o leil&atilde;o precisaria ser realizado at&eacute; 2012 para que haja redes LTE em opera&ccedil;&atilde;o comercial durante a Copa. Sobre o pedido de urg&ecirc;ncia, o presidente da Neotec comenta: &quot;Existem empresas que desde 2006 querem oferecer banda larga sem fio com outras tecnologias t&atilde;o ou mais modernas que o LTE e n&atilde;o conseguem&quot;. <\/p>\n<p>Na proposta apresentada em consulta p&uacute;blica, a Anatel sugere que os 190 MHz da faixa de 2,5 GHz que hoje se encontram nas m&atilde;os das operadoras de MMDS sejam divididos da seguinte forma: dois blocos de 70 MHz para tecnologias FDD separados por um central com 50 MHz para TDD, que ficaria com as empresas de MMDS. A Neotec pede que a Anatel aumente esse bloco central para 90 MHz, o que j&aacute; &eacute; uma flexibiliza&ccedil;&atilde;o de sua proposta inicial, que era de 110 MHz. Segundo Albuquerque, o m&iacute;nimo aceit&aacute;vel para prover WiMAX seria 60 MHz, o que ainda seria pouco em grandes cidades como Rio e S&atilde;o Paulo. <\/p>\n<p>&quot;Estamos confiantes de que Anatel tomar&aacute; uma decis&atilde;o justa&quot;, diz o presidente da Neotec. O assunto est&aacute; sendo discutido internamente na Anatel e ainda n&atilde;o foi levado ao conselho diretor da ag&ecirc;ncia. Segundo fontes do &oacute;rg&atilde;o regulador, &eacute; prov&aacute;vel, sim, que ajustes sejam efeitos sobre a divis&atilde;o do espectro originalmente proposta na consulta p&uacute;blica. Existe a expectativa, inclusive, de que uma pequena parte da faixa seja destinada ao governo para fins de inclus&atilde;o digital.<\/p>\n","protected":false},"excerpt":{"rendered":"<p>Dificilmente o leil&atilde;o de 2,5 GHz acontecer&aacute; em 2012 se n&atilde;o houver modifica&ccedil;&otilde;es na divis&atilde;o do espectro originalmente proposta na consulta p&uacute;blica. Isso porque as operadoras de MMDS est&atilde;o dispostas a entrar na Justi&ccedil;a caso n&atilde;o se chegue a um acordo que aumente a faixa que lhes ser&aacute; destinada, informa Carlos Andr&eacute; de Albuquerque, presidente &hellip; <a href=\"https:\/\/obscom.intervozes.org.br\/?p=24407\" class=\"more-link\">Continue lendo <span class=\"screen-reader-text\">Operadoras de MMDS entrar\u00e3o na Justi\u00e7a se n\u00e3o houver acordo em 2,5 GHz<\/span> <span class=\"meta-nav\">&rarr;<\/span><\/a><\/p>\n","protected":false},"author":1,"featured_media":0,"comment_status":"open","ping_status":"open","sticky":false,"template":"","format":"standard","meta":{"footnotes":""},"categories":[40],"tags":[575],"_links":{"self":[{"href":"https:\/\/obscom.intervozes.org.br\/index.php?rest_route=\/wp\/v2\/posts\/24407"}],"collection":[{"href":"https:\/\/obscom.intervozes.org.br\/index.php?rest_route=\/wp\/v2\/posts"}],"about":[{"href":"https:\/\/obscom.intervozes.org.br\/index.php?rest_route=\/wp\/v2\/types\/post"}],"author":[{"embeddable":true,"href":"https:\/\/obscom.intervozes.org.br\/index.php?rest_route=\/wp\/v2\/users\/1"}],"replies":[{"embeddable":true,"href":"https:\/\/obscom.intervozes.org.br\/index.php?rest_route=%2Fwp%2Fv2%2Fcomments&post=24407"}],"version-history":[{"count":0,"href":"https:\/\/obscom.intervozes.org.br\/index.php?rest_route=\/wp\/v2\/posts\/24407\/revisions"}],"wp:attachment":[{"href":"https:\/\/obscom.intervozes.org.br\/index.php?rest_route=%2Fwp%2Fv2%2Fmedia&parent=24407"}],"wp:term":[{"taxonomy":"category","embeddable":true,"href":"https:\/\/obscom.intervozes.org.br\/index.php?rest_route=%2Fwp%2Fv2%2Fcategories&post=24407"},{"taxonomy":"post_tag","embeddable":true,"href":"https:\/\/obscom.intervozes.org.br\/index.php?rest_route=%2Fwp%2Fv2%2Ftags&post=24407"}],"curies":[{"name":"wp","href":"https:\/\/api.w.org\/{rel}","templated":true}]}}