{"id":24403,"date":"2010-05-14T16:52:48","date_gmt":"2010-05-14T16:52:48","guid":{"rendered":"https:\/\/obscom.intervozes.org.br\/wordpress\/?p=24403"},"modified":"2010-05-14T16:52:48","modified_gmt":"2010-05-14T16:52:48","slug":"decreto-reforca-principios-pro-competicao-da-anatel","status":"publish","type":"post","link":"https:\/\/obscom.intervozes.org.br\/?p=24403","title":{"rendered":"Decreto refor\u00e7a princ\u00edpios pr\u00f3-competi\u00e7\u00e3o da Anatel"},"content":{"rendered":"<p>   \t \t \t \t \t<!-- \t\t@page { margin: 2cm } \t\tP { margin-bottom: 0.21cm } \t--> \t  <\/p>\n<p style=\"margin-bottom: 0cm\" class=\"padrao\">A Anatel passou a ter uma nova lista de diretrizes para a regula&ccedil;&atilde;o do setor, e o aspecto refor&ccedil;ado pelas novas prioridades &eacute; a concorr&ecirc;ncia. A rela&ccedil;&atilde;o de novas orienta&ccedil;&otilde;es para a regula&ccedil;&atilde;o est&aacute; presente no decreto presidencial publicado nesta quinta-feira, 13, estabelecento o Programa Nacional de Banda Larga (PNBL). Ao todo s&atilde;o seis itens que dever&atilde;o balizar a atua&ccedil;&atilde;o da ag&ecirc;ncia no que se refere aos &quot;servi&ccedil;os de telecomunica&ccedil;&otilde;es e da infraestrutura de rede de suporte de conex&atilde;o &agrave; Internet em banda larga&quot;. <\/p>\n<p>A primeira premissa &eacute; a promo&ccedil;&atilde;o da concorr&ecirc;ncia e da livre iniciativa, princ&iacute;pio j&aacute; previsto na Lei Geral de Telecomunica&ccedil;&otilde;es (LGT). Tamb&eacute;m h&aacute; o refor&ccedil;o da &quot;obrigatoriedade do compartilhamento de infraestrutura&quot; no setor. O decreto determina ainda a &quot;gest&atilde;o de infraestrutura p&uacute;blica e de bens p&uacute;blicos, inclusive de radiofreq&uuml;&ecirc;ncia, de forma a reduzir os custos do servi&ccedil;o de conex&atilde;o &agrave; Internet em banda larga&quot;. <\/p>\n<p><strong>Novidades <\/strong><\/p>\n<p>As demais diretrizes estabelecem par&acirc;metros de certa forma novos para o setor, por n&atilde;o estarem presentes de forma clara e objetiva na LGT. &Eacute; o caso do &quot;est&iacute;mulo a neg&oacute;cios inovadores que desenvolvam o uso de servi&ccedil;os convergentes&quot;. Na lei do setor, h&aacute; apenas a ideia de que o poder p&uacute;blico dever&aacute; criar oportunidades de investimentos e estimular o desenvolvimento tecnol&oacute;gico, sem o detalhamento visto no decreto de hoje. <\/p>\n<p>Outra novidade &eacute; a exig&ecirc;ncia de que a Anatel adote &quot;procedimentos c&eacute;leres para a resolu&ccedil;&atilde;o de conflitos&quot;. A ag&ecirc;ncia disp&otilde;e de grupos de arbitragem para solu&ccedil;&atilde;o de impasses espec&iacute;ficos no setor, mas nem sempre a media&ccedil;&atilde;o da reguladora &eacute; veloz. A disputa entre a TIM e as concession&aacute;rias de telefonia fixa por conta do Valor de Uso M&oacute;vel (VU-M) deixou a operadora m&oacute;vel por dois anos (de 2005 a 2007) sem reajuste enquanto a Anatel mediava o caso. <\/p>\n<p>A ag&ecirc;ncia tamb&eacute;m ter&aacute; que trabalhar com foco na &quot;amplia&ccedil;&atilde;o da oferta de servi&ccedil;os de conex&atilde;o &agrave; Internet em banda larga na instala&ccedil;&atilde;o da infraestrutura de telecomunica&ccedil;&otilde;es&quot;. Com isso, o governo demonstra que deseja que a regula&ccedil;&atilde;o passe a levar em considera&ccedil;&atilde;o a banda larga em todas as expans&otilde;es de servi&ccedil;os daqui em diante. A Anatel j&aacute; adotou medidas no passado com esse enfoque. &Eacute; o caso, por exemplo, do leil&atilde;o das faixas de 3G (1,9 GHz e 2,1 GHz) para as operadoras m&oacute;veis. A ag&ecirc;ncia estipulou obriga&ccedil;&otilde;es &agrave;s vencedoras, incluindo a expans&atilde;o das redes 3G, capazes de trafegar dados, em todo o pa&iacute;s.<\/p>\n","protected":false},"excerpt":{"rendered":"<p>A Anatel passou a ter uma nova lista de diretrizes para a regula&ccedil;&atilde;o do setor, e o aspecto refor&ccedil;ado pelas novas prioridades &eacute; a concorr&ecirc;ncia. A rela&ccedil;&atilde;o de novas orienta&ccedil;&otilde;es para a regula&ccedil;&atilde;o est&aacute; presente no decreto presidencial publicado nesta quinta-feira, 13, estabelecento o Programa Nacional de Banda Larga (PNBL). Ao todo s&atilde;o seis itens &hellip; <a href=\"https:\/\/obscom.intervozes.org.br\/?p=24403\" class=\"more-link\">Continue lendo <span class=\"screen-reader-text\">Decreto refor\u00e7a princ\u00edpios pr\u00f3-competi\u00e7\u00e3o da Anatel<\/span> <span class=\"meta-nav\">&rarr;<\/span><\/a><\/p>\n","protected":false},"author":1,"featured_media":0,"comment_status":"open","ping_status":"open","sticky":false,"template":"","format":"standard","meta":{"footnotes":""},"categories":[40],"tags":[1123],"_links":{"self":[{"href":"https:\/\/obscom.intervozes.org.br\/index.php?rest_route=\/wp\/v2\/posts\/24403"}],"collection":[{"href":"https:\/\/obscom.intervozes.org.br\/index.php?rest_route=\/wp\/v2\/posts"}],"about":[{"href":"https:\/\/obscom.intervozes.org.br\/index.php?rest_route=\/wp\/v2\/types\/post"}],"author":[{"embeddable":true,"href":"https:\/\/obscom.intervozes.org.br\/index.php?rest_route=\/wp\/v2\/users\/1"}],"replies":[{"embeddable":true,"href":"https:\/\/obscom.intervozes.org.br\/index.php?rest_route=%2Fwp%2Fv2%2Fcomments&post=24403"}],"version-history":[{"count":0,"href":"https:\/\/obscom.intervozes.org.br\/index.php?rest_route=\/wp\/v2\/posts\/24403\/revisions"}],"wp:attachment":[{"href":"https:\/\/obscom.intervozes.org.br\/index.php?rest_route=%2Fwp%2Fv2%2Fmedia&parent=24403"}],"wp:term":[{"taxonomy":"category","embeddable":true,"href":"https:\/\/obscom.intervozes.org.br\/index.php?rest_route=%2Fwp%2Fv2%2Fcategories&post=24403"},{"taxonomy":"post_tag","embeddable":true,"href":"https:\/\/obscom.intervozes.org.br\/index.php?rest_route=%2Fwp%2Fv2%2Ftags&post=24403"}],"curies":[{"name":"wp","href":"https:\/\/api.w.org\/{rel}","templated":true}]}}