{"id":24402,"date":"2010-05-14T16:51:16","date_gmt":"2010-05-14T16:51:16","guid":{"rendered":"https:\/\/obscom.intervozes.org.br\/wordpress\/?p=24402"},"modified":"2010-05-14T16:51:16","modified_gmt":"2010-05-14T16:51:16","slug":"apos-decreto-dem-reafirma-que-ira-a-justica-contra-pnbl","status":"publish","type":"post","link":"https:\/\/obscom.intervozes.org.br\/?p=24402","title":{"rendered":"Ap\u00f3s decreto, DEM reafirma que ir\u00e1 \u00e0 Justi\u00e7a contra PNBL"},"content":{"rendered":"<p>   \t \t \t \t \t<!-- \t\t@page { margin: 2cm } \t\tP { margin-bottom: 0.21cm } \t--> \t  <\/p>\n<p style=\"margin-bottom: 0cm\" class=\"padrao\">A lideran&ccedil;a dos Democratas voltou a criticar o Programa Nacional de Banda Larga (PNBL) do Governo Federal. Em nota oficial, o l&iacute;der do partido na C&acirc;mara dos Deputados, Paulo Bornhausen (SC), reiterou a decis&atilde;o do DEM de contestar judicialmente a pol&iacute;tica p&uacute;blica, oficializada nesta quinta-feira, 13, por meio de decreto presidencial. &quot;A publica&ccedil;&atilde;o do decreto s&oacute; fortaleceu a decis&atilde;o dos Democratas de question&aacute;-lo na Justi&ccedil;a&quot;, afirma o l&iacute;der. <\/p>\n<p>Segundo Bornhausen, &quot;o decreto saiu pior do que a encomenda&quot; e ampliou os temores do partido de uso pol&iacute;tico-eleitoral do projeto. &quot;&Eacute; um decreto curto, enxuto, por&eacute;m todo embasado em generaliza&ccedil;&otilde;es&quot;, reclama o parlamentar. &quot;O Comit&ecirc; Gestor tem poderes surpreendentes e, mais uma vez, nada espec&iacute;ficos. Quem vai definir os crit&eacute;rios que julgar&atilde;o que uma &aacute;rea n&atilde;o est&aacute; tendo atendimento adequado?&quot;, questiona logo depois. <\/p>\n<p>A falta de &quot;oferta adequada&quot; de banda larga por parte das empresas &eacute; citada no decreto como premissa para que a Telebr&aacute;s possa atender o consumidor final, embora a ideia central do projeto ao reativar a estatal seja a de oferta de capacidade apenas no atacado. Desde que a express&atilde;o apareceu pela primeira vez no fato relevante que confirmou a Telebr&aacute;s no PNBL, a defini&ccedil;&atilde;o do que seria ou n&atilde;o uma oferta adequada virou o principal motivo de preocupa&ccedil;&atilde;o por parte das empresas. <\/p>\n<p>Para o l&iacute;der, a falta de clareza nesta defini&ccedil;&atilde;o pode abrir caminho para um uso pol&iacute;tico do projeto. &quot;O governo vai escolher, a dedo, evidente que com crit&eacute;rios absolutamente pol&iacute;tico-partid&aacute;rios, onde ir&aacute; atuar.&quot; Diz ainda que a Telebr&aacute;s ir&aacute; contar com &quot;vantagens fiscais sobre as operadoras privadas da localidade, evidenciando a concorr&ecirc;ncia desleal&quot;. <\/p>\n<p>&quot;Que investidor estrangeiro vai querer vir para o pa&iacute;s para submeter seus recursos a uma regula&ccedil;&atilde;o incerta?&quot;, protesta o l&iacute;der do DEM, referindo-se &agrave; reativa&ccedil;&atilde;o da estatal. Bornhausen insiste na tese de que a reestrutura&ccedil;&atilde;o da empresa s&oacute; pode ser feita por meio de lei e que a publica&ccedil;&atilde;o do decreto revitalizando a Telebr&aacute;s &quot;traz uma estupenda inseguran&ccedil;a jur&iacute;dica ao setor&quot;. <\/p>\n<p>O deputado tamb&eacute;m reclamou da tentativa do governo de votar ontem o PL 1.481\/2007, conhecido como nova Lei do Fust, que permitir&aacute; a aplica&ccedil;&atilde;o dos recursos tamb&eacute;m para projetos de banda larga. &quot;O governo, tamb&eacute;m no caso da aplica&ccedil;&atilde;o dos recursos do Fust, definir&aacute; os crit&eacute;rios e as prioridades. E todos sabemos que a &uacute;nica prioridade para o setor que o governo tem &eacute; construir cen&aacute;rios para o programa de televis&atilde;o de Dilma Rousseff&quot;, ataca o l&iacute;der do DEM.<\/p>\n","protected":false},"excerpt":{"rendered":"<p>A lideran&ccedil;a dos Democratas voltou a criticar o Programa Nacional de Banda Larga (PNBL) do Governo Federal. Em nota oficial, o l&iacute;der do partido na C&acirc;mara dos Deputados, Paulo Bornhausen (SC), reiterou a decis&atilde;o do DEM de contestar judicialmente a pol&iacute;tica p&uacute;blica, oficializada nesta quinta-feira, 13, por meio de decreto presidencial. &quot;A publica&ccedil;&atilde;o do decreto &hellip; <a href=\"https:\/\/obscom.intervozes.org.br\/?p=24402\" class=\"more-link\">Continue lendo <span class=\"screen-reader-text\">Ap\u00f3s decreto, DEM reafirma que ir\u00e1 \u00e0 Justi\u00e7a contra PNBL<\/span> <span class=\"meta-nav\">&rarr;<\/span><\/a><\/p>\n","protected":false},"author":1,"featured_media":0,"comment_status":"open","ping_status":"open","sticky":false,"template":"","format":"standard","meta":{"footnotes":""},"categories":[40],"tags":[1123],"_links":{"self":[{"href":"https:\/\/obscom.intervozes.org.br\/index.php?rest_route=\/wp\/v2\/posts\/24402"}],"collection":[{"href":"https:\/\/obscom.intervozes.org.br\/index.php?rest_route=\/wp\/v2\/posts"}],"about":[{"href":"https:\/\/obscom.intervozes.org.br\/index.php?rest_route=\/wp\/v2\/types\/post"}],"author":[{"embeddable":true,"href":"https:\/\/obscom.intervozes.org.br\/index.php?rest_route=\/wp\/v2\/users\/1"}],"replies":[{"embeddable":true,"href":"https:\/\/obscom.intervozes.org.br\/index.php?rest_route=%2Fwp%2Fv2%2Fcomments&post=24402"}],"version-history":[{"count":0,"href":"https:\/\/obscom.intervozes.org.br\/index.php?rest_route=\/wp\/v2\/posts\/24402\/revisions"}],"wp:attachment":[{"href":"https:\/\/obscom.intervozes.org.br\/index.php?rest_route=%2Fwp%2Fv2%2Fmedia&parent=24402"}],"wp:term":[{"taxonomy":"category","embeddable":true,"href":"https:\/\/obscom.intervozes.org.br\/index.php?rest_route=%2Fwp%2Fv2%2Fcategories&post=24402"},{"taxonomy":"post_tag","embeddable":true,"href":"https:\/\/obscom.intervozes.org.br\/index.php?rest_route=%2Fwp%2Fv2%2Ftags&post=24402"}],"curies":[{"name":"wp","href":"https:\/\/api.w.org\/{rel}","templated":true}]}}