{"id":24401,"date":"2010-05-14T16:50:27","date_gmt":"2010-05-14T16:50:27","guid":{"rendered":"https:\/\/obscom.intervozes.org.br\/wordpress\/?p=24401"},"modified":"2010-05-14T16:50:27","modified_gmt":"2010-05-14T16:50:27","slug":"decreto-regulamenta-contratacao-de-bens-e-servicos-de-informatica","status":"publish","type":"post","link":"https:\/\/obscom.intervozes.org.br\/?p=24401","title":{"rendered":"Decreto regulamenta contrata\u00e7\u00e3o de bens e servi\u00e7os de inform\u00e1tica"},"content":{"rendered":"<p>   \t \t \t \t \t<!-- \t\t@page { margin: 2cm } \t\tP { margin-bottom: 0.21cm } \t--> \t  <\/p>\n<p style=\"margin-bottom: 0cm\" class=\"padrao\">BRAS&Iacute;LIA &#8211; A contrata&ccedil;&atilde;o de bens e servi&ccedil;os de inform&aacute;tica e automa&ccedil;&atilde;o pelos &oacute;rg&atilde;os do governo foi regulamentada nesta quinta-feira, com a publica&ccedil;&atilde;o de decreto assinado pelo presidente Lula e o ministro do Planejamento, Paulo Bernardo. Esta pol&iacute;tica complementa o Plano Nacional de Banda Larga (PNBL) e tem como objetivo estimular a ind&uacute;stria nacional. O Minist&eacute;rio do Planejamento vai elaborar as normas complementares necess&aacute;rias &agrave; implanta&ccedil;&atilde;o desta pol&iacute;tica. <\/p>\n<p>Os bens, a serem adquiridos, na fase de habilita&ccedil;&atilde;o, dever&atilde;o conter al&eacute;m das normas espec&iacute;ficas, a exig&ecirc;ncias do Instituto Nacional de Metrologia, Normaliza&ccedil;&atilde;o e Qualidade Industrial (Inmetro), os requisitos quanto &agrave; seguran&ccedil;a para o usu&aacute;rio e instala&ccedil;&otilde;es; compatibilidade eletromagn&eacute;tica; e tamb&eacute;m de consumo de energia. <\/p>\n<p>O artigo 5 do decreto assegura prefer&ecirc;ncias para a contrata&ccedil;&atilde;o de fornecedores de bens e servi&ccedil;os com tecnologia desenvolvida no Pa&iacute;s e produzidos de acordo com o Processo Produtivo B&aacute;sico (PPB). Tamb&eacute;m ter&atilde;o prioridade as microempresas e pequenas empresas. <\/p>\n<p>O decreto determina ainda que para a contrata&ccedil;&atilde;o de bens e servi&ccedil;os de inform&aacute;tica e automa&ccedil;&atilde;o dever&atilde;o ser adotados os tipos de licita&ccedil;&atilde;o &quot;menor pre&ccedil;o&quot; ou &quot;t&eacute;cnica e pre&ccedil;o&quot;. <\/p>\n<p>Os representantes da ind&uacute;stria nacional de equipamentos de telecomunica&ccedil;&otilde;es, depois de se reunirem na semana passada com o governo, sa&iacute;ram otimista com o PNBL e a pol&iacute;tica de contrata&ccedil;&atilde;o. Na avalia&ccedil;&atilde;o do setor, que re&uacute;ne entre 8 e 9 empresas, ser&aacute; poss&iacute;vel triplicar o faturamento do setor e tamb&eacute;m o n&uacute;mero dos empregados nos pr&oacute;ximos anos. Atualmente, elas empregam entre 2 mil e 2.500 funcion&aacute;rios e t&ecirc;m um faturamento entre R$ 1 bilh&atilde;o e R$ 1,2 bilh&atilde;o por ano.  <\/p>\n","protected":false},"excerpt":{"rendered":"<p>BRAS&Iacute;LIA &#8211; A contrata&ccedil;&atilde;o de bens e servi&ccedil;os de inform&aacute;tica e automa&ccedil;&atilde;o pelos &oacute;rg&atilde;os do governo foi regulamentada nesta quinta-feira, com a publica&ccedil;&atilde;o de decreto assinado pelo presidente Lula e o ministro do Planejamento, Paulo Bernardo. Esta pol&iacute;tica complementa o Plano Nacional de Banda Larga (PNBL) e tem como objetivo estimular a ind&uacute;stria nacional. O &hellip; <a href=\"https:\/\/obscom.intervozes.org.br\/?p=24401\" class=\"more-link\">Continue lendo <span class=\"screen-reader-text\">Decreto regulamenta contrata\u00e7\u00e3o de bens e servi\u00e7os de inform\u00e1tica<\/span> <span class=\"meta-nav\">&rarr;<\/span><\/a><\/p>\n","protected":false},"author":1,"featured_media":0,"comment_status":"open","ping_status":"open","sticky":false,"template":"","format":"standard","meta":{"footnotes":""},"categories":[40],"tags":[1123],"_links":{"self":[{"href":"https:\/\/obscom.intervozes.org.br\/index.php?rest_route=\/wp\/v2\/posts\/24401"}],"collection":[{"href":"https:\/\/obscom.intervozes.org.br\/index.php?rest_route=\/wp\/v2\/posts"}],"about":[{"href":"https:\/\/obscom.intervozes.org.br\/index.php?rest_route=\/wp\/v2\/types\/post"}],"author":[{"embeddable":true,"href":"https:\/\/obscom.intervozes.org.br\/index.php?rest_route=\/wp\/v2\/users\/1"}],"replies":[{"embeddable":true,"href":"https:\/\/obscom.intervozes.org.br\/index.php?rest_route=%2Fwp%2Fv2%2Fcomments&post=24401"}],"version-history":[{"count":0,"href":"https:\/\/obscom.intervozes.org.br\/index.php?rest_route=\/wp\/v2\/posts\/24401\/revisions"}],"wp:attachment":[{"href":"https:\/\/obscom.intervozes.org.br\/index.php?rest_route=%2Fwp%2Fv2%2Fmedia&parent=24401"}],"wp:term":[{"taxonomy":"category","embeddable":true,"href":"https:\/\/obscom.intervozes.org.br\/index.php?rest_route=%2Fwp%2Fv2%2Fcategories&post=24401"},{"taxonomy":"post_tag","embeddable":true,"href":"https:\/\/obscom.intervozes.org.br\/index.php?rest_route=%2Fwp%2Fv2%2Ftags&post=24401"}],"curies":[{"name":"wp","href":"https:\/\/api.w.org\/{rel}","templated":true}]}}