{"id":24395,"date":"2010-05-13T18:14:33","date_gmt":"2010-05-13T18:14:33","guid":{"rendered":"https:\/\/obscom.intervozes.org.br\/wordpress\/?p=24395"},"modified":"2010-05-13T18:14:33","modified_gmt":"2010-05-13T18:14:33","slug":"camara-aprova-cotas-de-programacao-nacional-em-tv-por-assinatura","status":"publish","type":"post","link":"https:\/\/obscom.intervozes.org.br\/?p=24395","title":{"rendered":"C\u00e2mara aprova cotas de programa\u00e7\u00e3o nacional em TV por assinatura"},"content":{"rendered":"<p>   \t \t \t \t \t<!-- \t\t@page { margin: 2cm } \t\tP { margin-bottom: 0.21cm } \t--> \t  <\/p>\n<p style=\"margin-bottom: 0cm\" class=\"padrao\">A Comiss&atilde;o de Constitui&ccedil;&atilde;o e Justi&ccedil;a e de Cidadania (CCJ) aprovou nesta ter&ccedil;a-feira proposta que obriga as operadoras de TV a cabo a veicular programas nacionais e independentes. A medida tamb&eacute;m autoriza as empresas de telefonia fixa a entrar no mercado de televis&atilde;o paga. O texto aprovado &eacute; o substitutivo da Comiss&atilde;o de Ci&ecirc;ncia e Tecnologia, Comunica&ccedil;&atilde;o e Inform&aacute;tica ao Projeto de Lei 29\/07, do deputado Paulo Bornhausen (DEM-SC).<\/p>\n<p>O texto aprovado pela CCJ estabelece um novo marco legal para o tema no Brasil. Hoje, a regulamenta&ccedil;&atilde;o da TV paga &eacute; feita com base na tecnologia de distribui&ccedil;&atilde;o &ndash; cabo, sat&eacute;lite, micro-ondas, entre outras. A proposta unifica as regras de todos os tipos de televis&atilde;o por assinatura.<\/p>\n<p>De acordo com o texto, a Ag&ecirc;ncia Nacional do Cinema (Ancine) ser&aacute; a entidade reguladora e fiscalizadora para as atividades de programa&ccedil;&atilde;o e empacotamento de conte&uacute;do audiovisual. J&aacute; as atividades de distribui&ccedil;&atilde;o de conte&uacute;dos ser&atilde;o regulamentadas e fiscalizadas pela Ag&ecirc;ncia Nacional de Telecomunica&ccedil;&otilde;es (Anatel).<\/p>\n<p>O relator da proposta na CCJ, deputado Eduardo Cunha (PMDB-RJ), foi favor&aacute;vel ao substitutivo da Comiss&atilde;o de Ci&ecirc;ncia e Tecnologia e apresentou tr&ecirc;s emendas ao texto. Como tramita em car&aacute;ter conclusivo, a proposta segue agora para o Senado, a menos que haja recurso para an&aacute;lise em plen&aacute;rio.<\/p>\n<p style=\"margin-bottom: 0cm\" class=\"padrao\"><strong>Cotas de conte&uacute;do brasileiro<\/strong><\/p>\n<p>O texto aprovado prev&ecirc; que pelo menos um a cada tr&ecirc;s canais de filmes, document&aacute;rios, s&eacute;ries, novelas ou programas de variedades deve ser brasileiro, at&eacute; o m&aacute;ximo de 12 canais nacionais. A propor&ccedil;&atilde;o &eacute; v&aacute;lida para todos os pacotes ofertados pelas operadoras de TV por assinatura.<\/p>\n<p>Entre os canais brasileiros, pelo menos dois deles devem veicular, no m&iacute;nimo, 12 horas di&aacute;rias de conte&uacute;do de produtora brasileira independente &ndash; ou seja, aquelas produtoras sem liga&ccedil;&atilde;o com empresas de programa&ccedil;&atilde;o, empacotamento ou distribui&ccedil;&atilde;o de conte&uacute;do ou com concession&aacute;rias de servi&ccedil;o de radiodifus&atilde;o de sons e imagens (televis&atilde;o aberta).<\/p>\n<p>O texto aprovado tamb&eacute;m estabelece cota de conte&uacute;do brasileiro e independente para cada canal da TV paga. Segundo a proposta, os canais dever&atilde;o veicular pelo menos tr&ecirc;s horas e meia semanais, no hor&aacute;rio nobre, de conte&uacute;dos brasileiros. Metade dessa cota deve ser produzida por produtoras independentes.<\/p>\n<p><strong>Conhe&ccedil;a outras determina&ccedil;&otilde;es da proposta:<br \/><\/strong><a href=\"http:\/\/www2.camara.gov.br\/agencia\/noticias\/147709.html\" target=\"_blank\">Financiamento p&uacute;blico da produ&ccedil;&atilde;o nacional<\/a> <br \/><a href=\"http:\/\/www2.camara.gov.br\/agencia\/noticias\/147708.html\" target=\"_blank\">Abertura do mercado de TV paga<\/a> <br \/><a href=\"http:\/\/www2.camara.gov.br\/agencia\/noticias\/147707.html\" target=\"_blank\">Prote&ccedil;&atilde;o aos canais religiosos<\/a> <\/p>\n<p><em>Edi&ccedil;&atilde;o &ndash; Carolina Pompeu<\/em><\/p>\n","protected":false},"excerpt":{"rendered":"<p>A Comiss&atilde;o de Constitui&ccedil;&atilde;o e Justi&ccedil;a e de Cidadania (CCJ) aprovou nesta ter&ccedil;a-feira proposta que obriga as operadoras de TV a cabo a veicular programas nacionais e independentes. A medida tamb&eacute;m autoriza as empresas de telefonia fixa a entrar no mercado de televis&atilde;o paga. O texto aprovado &eacute; o substitutivo da Comiss&atilde;o de Ci&ecirc;ncia e &hellip; <a href=\"https:\/\/obscom.intervozes.org.br\/?p=24395\" class=\"more-link\">Continue lendo <span class=\"screen-reader-text\">C\u00e2mara aprova cotas de programa\u00e7\u00e3o nacional em TV por assinatura<\/span> <span class=\"meta-nav\">&rarr;<\/span><\/a><\/p>\n","protected":false},"author":1,"featured_media":0,"comment_status":"open","ping_status":"open","sticky":false,"template":"","format":"standard","meta":{"footnotes":""},"categories":[40],"tags":[556],"_links":{"self":[{"href":"https:\/\/obscom.intervozes.org.br\/index.php?rest_route=\/wp\/v2\/posts\/24395"}],"collection":[{"href":"https:\/\/obscom.intervozes.org.br\/index.php?rest_route=\/wp\/v2\/posts"}],"about":[{"href":"https:\/\/obscom.intervozes.org.br\/index.php?rest_route=\/wp\/v2\/types\/post"}],"author":[{"embeddable":true,"href":"https:\/\/obscom.intervozes.org.br\/index.php?rest_route=\/wp\/v2\/users\/1"}],"replies":[{"embeddable":true,"href":"https:\/\/obscom.intervozes.org.br\/index.php?rest_route=%2Fwp%2Fv2%2Fcomments&post=24395"}],"version-history":[{"count":0,"href":"https:\/\/obscom.intervozes.org.br\/index.php?rest_route=\/wp\/v2\/posts\/24395\/revisions"}],"wp:attachment":[{"href":"https:\/\/obscom.intervozes.org.br\/index.php?rest_route=%2Fwp%2Fv2%2Fmedia&parent=24395"}],"wp:term":[{"taxonomy":"category","embeddable":true,"href":"https:\/\/obscom.intervozes.org.br\/index.php?rest_route=%2Fwp%2Fv2%2Fcategories&post=24395"},{"taxonomy":"post_tag","embeddable":true,"href":"https:\/\/obscom.intervozes.org.br\/index.php?rest_route=%2Fwp%2Fv2%2Ftags&post=24395"}],"curies":[{"name":"wp","href":"https:\/\/api.w.org\/{rel}","templated":true}]}}