{"id":24391,"date":"2010-05-13T17:11:55","date_gmt":"2010-05-13T17:11:55","guid":{"rendered":"https:\/\/obscom.intervozes.org.br\/wordpress\/?p=24391"},"modified":"2010-05-13T17:11:55","modified_gmt":"2010-05-13T17:11:55","slug":"presidente-da-telebras-diz-que-plano-de-banda-larga-e-estrategico-para-o-pais","status":"publish","type":"post","link":"https:\/\/obscom.intervozes.org.br\/?p=24391","title":{"rendered":"Presidente da Telebras diz que plano de banda larga \u00e9 estrat\u00e9gico para o pa\u00eds"},"content":{"rendered":"<p>   \t \t \t \t \t<!-- \t\t@page { margin: 2cm } \t\tP { margin-bottom: 0.21cm } \t--> \t  <\/p>\n<p style=\"margin-bottom: 0cm\" class=\"padrao\"><strong>Reproduzido da Ag&ecirc;ncia Brasil<\/strong><\/p>\n<p>Bras&iacute;lia &#8211; O novo presidente da Telebras, Rog&eacute;rio Santanna, defendeu hoje (13) que o Plano Nacional de Banda Larga &eacute; um projeto estrat&eacute;gico para qualquer Estado moderno, do qual o pa&iacute;s n&atilde;o dever&aacute; abrir m&atilde;o no futuro. Ele se reuniu com o ministro das Comunica&ccedil;&otilde;es, Jos&eacute; Artur Filardi, para tratar dos procedimentos destinados a agilizar a reestrutura&ccedil;&atilde;o da empresa.<\/p>\n<p>&ldquo;Esse assunto n&atilde;o pode mais ser tratado de forma lateral, como se fosse uma abordagem meramente empresarial. Essa quest&atilde;o se refere a como democratizamos a informa&ccedil;&atilde;o, o conhecimento no Brasil, e como levamos os conhecimentos que temos em grandes centros brasileiros para o interior&rdquo;, avaliou.<\/p>\n<p>Santanna disse que a requisi&ccedil;&atilde;o dos funcion&aacute;rios a &oacute;rg&atilde;os como o Minist&eacute;rio das Comunica&ccedil;&otilde;es e a Ag&ecirc;ncia Nacional de Telecomunica&ccedil;&otilde;es (Anatel) para trabalhar na Telebras ser&aacute; debatida durante o processo de reativa&ccedil;&atilde;o da estatal. A realiza&ccedil;&atilde;o de uma assembleia geral da empresa ainda depende de quest&otilde;es a serem resolvidas pelas consultorias jur&iacute;dicas dos minist&eacute;rios do Planejamento e das Comunica&ccedil;&otilde;es. &ldquo;Tem um certo tr&acirc;mite que vamos agilizar para encurtar o tempo&rdquo;, disse.<\/p>\n<p>Santanna tamb&eacute;m afirmou que, a princ&iacute;pio, a Telebras n&atilde;o vai precisar mudar de pr&eacute;dio, mas pode haver a necessidade de expandir a &aacute;rea hoje ocupada pela empresa, que fica em um pr&eacute;dio comercial localizado no Setor Comercial Norte, em Bras&iacute;lia. <em>(Sabrina Craide \/ Edi&ccedil;&atilde;o: Juliana Andrade)<\/em><\/p>\n","protected":false},"excerpt":{"rendered":"<p>Reproduzido da Ag&ecirc;ncia Brasil Bras&iacute;lia &#8211; O novo presidente da Telebras, Rog&eacute;rio Santanna, defendeu hoje (13) que o Plano Nacional de Banda Larga &eacute; um projeto estrat&eacute;gico para qualquer Estado moderno, do qual o pa&iacute;s n&atilde;o dever&aacute; abrir m&atilde;o no futuro. Ele se reuniu com o ministro das Comunica&ccedil;&otilde;es, Jos&eacute; Artur Filardi, para tratar dos &hellip; <a href=\"https:\/\/obscom.intervozes.org.br\/?p=24391\" class=\"more-link\">Continue lendo <span class=\"screen-reader-text\">Presidente da Telebras diz que plano de banda larga \u00e9 estrat\u00e9gico para o pa\u00eds<\/span> <span class=\"meta-nav\">&rarr;<\/span><\/a><\/p>\n","protected":false},"author":1,"featured_media":0,"comment_status":"open","ping_status":"open","sticky":false,"template":"","format":"standard","meta":{"footnotes":""},"categories":[39],"tags":[],"_links":{"self":[{"href":"https:\/\/obscom.intervozes.org.br\/index.php?rest_route=\/wp\/v2\/posts\/24391"}],"collection":[{"href":"https:\/\/obscom.intervozes.org.br\/index.php?rest_route=\/wp\/v2\/posts"}],"about":[{"href":"https:\/\/obscom.intervozes.org.br\/index.php?rest_route=\/wp\/v2\/types\/post"}],"author":[{"embeddable":true,"href":"https:\/\/obscom.intervozes.org.br\/index.php?rest_route=\/wp\/v2\/users\/1"}],"replies":[{"embeddable":true,"href":"https:\/\/obscom.intervozes.org.br\/index.php?rest_route=%2Fwp%2Fv2%2Fcomments&post=24391"}],"version-history":[{"count":0,"href":"https:\/\/obscom.intervozes.org.br\/index.php?rest_route=\/wp\/v2\/posts\/24391\/revisions"}],"wp:attachment":[{"href":"https:\/\/obscom.intervozes.org.br\/index.php?rest_route=%2Fwp%2Fv2%2Fmedia&parent=24391"}],"wp:term":[{"taxonomy":"category","embeddable":true,"href":"https:\/\/obscom.intervozes.org.br\/index.php?rest_route=%2Fwp%2Fv2%2Fcategories&post=24391"},{"taxonomy":"post_tag","embeddable":true,"href":"https:\/\/obscom.intervozes.org.br\/index.php?rest_route=%2Fwp%2Fv2%2Ftags&post=24391"}],"curies":[{"name":"wp","href":"https:\/\/api.w.org\/{rel}","templated":true}]}}