{"id":24390,"date":"2010-05-13T16:53:38","date_gmt":"2010-05-13T16:53:38","guid":{"rendered":"https:\/\/obscom.intervozes.org.br\/wordpress\/?p=24390"},"modified":"2010-05-13T16:53:38","modified_gmt":"2010-05-13T16:53:38","slug":"mesmo-com-urgencia-projeto-do-fust-nao-e-votado-por-falta-de-quorum","status":"publish","type":"post","link":"https:\/\/obscom.intervozes.org.br\/?p=24390","title":{"rendered":"Mesmo com urg\u00eancia, projeto do Fust n\u00e3o \u00e9 votado por falta de qu\u00f3rum"},"content":{"rendered":"<p>   \t \t \t \t \t<!-- \t\t@page { margin: 2cm } \t\tP { margin-bottom: 0.21cm } \t--> \t  <\/p>\n<p style=\"margin-bottom: 0cm\" class=\"padrao\">Depois de dois meses desde que a Presid&ecirc;ncia da C&acirc;mara dos Deputados colocou o PL do Fust (1.481\/2007) em sua lista de prioridades, os parlamentares, enfim, aprovaram a urg&ecirc;ncia para que a proposta seja votada com celeridade no Plen&aacute;rio. A vota&ccedil;&atilde;o da urg&ecirc;ncia foi tumultuada e n&atilde;o contou com o apoio de v&aacute;rios deputados, em especial os do partido de oposi&ccedil;&atilde;o, que pediam mais tempo para debater o projeto. <\/p>\n<p>Com o estabelecimento da urg&ecirc;ncia, a vota&ccedil;&atilde;o do PL do Fust foi iniciada imediatamente, mas novamente as diverg&ecirc;ncias entre governo e oposi&ccedil;&atilde;o complicaram a delibera&ccedil;&atilde;o. Nessa etapa, o clima ficou ainda mais tenso e o PSDB, o DEM e o PPS entraram em obstru&ccedil;&atilde;o, impedindo que a presen&ccedil;a de seus parlamentares fosse contada para efeitos de qu&oacute;rum. <\/p>\n<p>A estrat&eacute;gia funcionou: a vota&ccedil;&atilde;o foi encerrada &agrave;s 21h16 por falta de qu&oacute;rum. Eram necess&aacute;rios 257 deputados presentes para concluir a delibera&ccedil;&atilde;o, mas a base do governo e demais partidos que apoiavam a vota&ccedil;&atilde;o ainda hoje conseguiram confirmar a presen&ccedil;a de 241 parlamentares. <\/p>\n<p>A defesa de posi&ccedil;&otilde;es especialmente dos deputados do PT e do PSDB revelou que a proposta que permitir&aacute; o uso dos recursos do Fundo de Universaliza&ccedil;&atilde;o dos Servi&ccedil;os de Telecomunica&ccedil;&otilde;es (Fust) para programas de massifica&ccedil;&atilde;o da banda larga no pa&iacute;s est&aacute; longe de ter uma vota&ccedil;&atilde;o tranquila no Plen&aacute;rio. A proposta, que contava com apoio praticamente un&acirc;nime dos partidos durante a an&aacute;lise na Comiss&atilde;o Especial, agora virou pilar de uma disputa pol&iacute;tica entre governo e oposi&ccedil;&atilde;o. <\/p>\n<p>O deputado Emanuel Fernandes (PSDB\/SP) inaugurou a sequ&ecirc;ncia de discursos mais tensos da noite ao justificar porque seu partido era contra a vota&ccedil;&atilde;o da proposta neste momento. &quot;O que a oposi&ccedil;&atilde;o n&atilde;o quer &eacute; distribui&ccedil;&atilde;o de computador em ano eleitoral. Isso &eacute; coisa eleitoral. O governo tem que deixar de ser c&iacute;nico&quot;, atacou o parlamentar. &quot;Se o interesse de usar o Fust fosse s&eacute;rio, teriam aprovado isso no ano passado&quot;, acusou. <\/p>\n<p>O l&iacute;der do PT na C&acirc;mara, deputado Fernando Ferro (PE), rebateu as cr&iacute;ticas tamb&eacute;m em tom exaltado. &quot;O PSDB, o DEM e o PPS est&atilde;o cometendo um erro com essa postura. E a sociedade vai cobrar. Vai saber que a oposi&ccedil;&atilde;o n&atilde;o quer que o governo leve banda larga a todos, fa&ccedil;a a inclus&atilde;o digital. Por isso eu pe&ccedil;o menos pessimismo, menos negativismo dos deputados&quot;, afirmou. Os apelos do l&iacute;der petista, no entanto, n&atilde;o surtiram efeito e, pr&oacute;ximo do fim da sess&atilde;o o PTB e o PV tamb&eacute;m decidiram obstruir a vota&ccedil;&atilde;o. <\/p>\n<p>O projeto poder&aacute; entrar na pauta da sess&atilde;o extraordin&aacute;ria dessa quinta-feira, 13, e novamente dever&aacute; ter prioridade na vota&ccedil;&atilde;o, j&aacute; que a partir de agora a proposta tem urg&ecirc;ncia. Por enquanto n&atilde;o h&aacute; sinal de acordo entre os partidos para que se evite uma nova obstru&ccedil;&atilde;o na vota&ccedil;&atilde;o.<\/p>\n","protected":false},"excerpt":{"rendered":"<p>Depois de dois meses desde que a Presid&ecirc;ncia da C&acirc;mara dos Deputados colocou o PL do Fust (1.481\/2007) em sua lista de prioridades, os parlamentares, enfim, aprovaram a urg&ecirc;ncia para que a proposta seja votada com celeridade no Plen&aacute;rio. A vota&ccedil;&atilde;o da urg&ecirc;ncia foi tumultuada e n&atilde;o contou com o apoio de v&aacute;rios deputados, em &hellip; <a href=\"https:\/\/obscom.intervozes.org.br\/?p=24390\" class=\"more-link\">Continue lendo <span class=\"screen-reader-text\">Mesmo com urg\u00eancia, projeto do Fust n\u00e3o \u00e9 votado por falta de qu\u00f3rum<\/span> <span class=\"meta-nav\">&rarr;<\/span><\/a><\/p>\n","protected":false},"author":1,"featured_media":0,"comment_status":"open","ping_status":"open","sticky":false,"template":"","format":"standard","meta":{"footnotes":""},"categories":[40],"tags":[1325],"_links":{"self":[{"href":"https:\/\/obscom.intervozes.org.br\/index.php?rest_route=\/wp\/v2\/posts\/24390"}],"collection":[{"href":"https:\/\/obscom.intervozes.org.br\/index.php?rest_route=\/wp\/v2\/posts"}],"about":[{"href":"https:\/\/obscom.intervozes.org.br\/index.php?rest_route=\/wp\/v2\/types\/post"}],"author":[{"embeddable":true,"href":"https:\/\/obscom.intervozes.org.br\/index.php?rest_route=\/wp\/v2\/users\/1"}],"replies":[{"embeddable":true,"href":"https:\/\/obscom.intervozes.org.br\/index.php?rest_route=%2Fwp%2Fv2%2Fcomments&post=24390"}],"version-history":[{"count":0,"href":"https:\/\/obscom.intervozes.org.br\/index.php?rest_route=\/wp\/v2\/posts\/24390\/revisions"}],"wp:attachment":[{"href":"https:\/\/obscom.intervozes.org.br\/index.php?rest_route=%2Fwp%2Fv2%2Fmedia&parent=24390"}],"wp:term":[{"taxonomy":"category","embeddable":true,"href":"https:\/\/obscom.intervozes.org.br\/index.php?rest_route=%2Fwp%2Fv2%2Fcategories&post=24390"},{"taxonomy":"post_tag","embeddable":true,"href":"https:\/\/obscom.intervozes.org.br\/index.php?rest_route=%2Fwp%2Fv2%2Ftags&post=24390"}],"curies":[{"name":"wp","href":"https:\/\/api.w.org\/{rel}","templated":true}]}}