{"id":24372,"date":"2010-05-11T16:39:48","date_gmt":"2010-05-11T16:39:48","guid":{"rendered":"https:\/\/obscom.intervozes.org.br\/wordpress\/?p=24372"},"modified":"2010-05-11T16:39:48","modified_gmt":"2010-05-11T16:39:48","slug":"telefonica-faz-oferta-a-portugal-telecom-pela-vivo-portugueses-rechacam","status":"publish","type":"post","link":"https:\/\/obscom.intervozes.org.br\/?p=24372","title":{"rendered":"Telef\u00f3nica faz oferta \u00e0 Portugal Telecom pela Vivo; portugueses recha\u00e7am"},"content":{"rendered":"<p> \t<!-- \t\t@page { margin: 2cm } \t\tP { margin-bottom: 0.21cm } \t--> \t <\/p>\n<p style=\"margin-bottom: 0cm\" class=\"padrao\"><strong>Reproduzido do TeleTime News <\/strong><\/p>\n<p style=\"margin-bottom: 0cm\" class=\"padrao\">&nbsp;<\/p>\n<p style=\"margin-bottom: 0cm\" class=\"western\"><span class=\"padrao\">A Telef&oacute;nica S.A. tornou p&uacute;blica nesta segunda, dia 10, uma oferta feita no dia 6 de maio para a aquisi&ccedil;&atilde;o da parcela de 50% que a Portugal Telecom tem na Brasilcel, holding que controla a Vivo. O valor oferecido foi de 5,7 bilh&otilde;es de euros. A Portugal Telecom, por sua vez, tamb&eacute;m informou por meio de fato relevante que a oferta foi recusada pelo seu conselho de administra&ccedil;&atilde;o. <\/p>\n<p><\/span> <\/p>\n<p style=\"margin-bottom: 0cm\" class=\"western\"><span class=\"padrao\">A Brasilcel &eacute; uma sociedade detida em partes iguais pela Telef&oacute;nica e pela Portugal Telecom. A holding, por sua vez, det&eacute;m 60% do capital da operadora m&oacute;vel brasileira. <\/p>\n<p><\/span> <\/p>\n<p style=\"margin-bottom: 0cm\" class=\"western\"><span class=\"padrao\">A oferta, v&aacute;lida por 30 dias, contempla ainda a aquisi&ccedil;&atilde;o de a&ccedil;&otilde;es ordin&aacute;rias em mercado, representando, cerca de 11,1% do total de a&ccedil;&otilde;es ordin&aacute;rias e 3,8% do total do capital da Vivo. O pre&ccedil;o para cada uma delas &eacute; de 80% do valor proposto para cada a&ccedil;&atilde;o ordin&aacute;ria em propriedade da Brasilcel. Para esta oferta o pre&ccedil;o total calculado pela Telef&oacute;nica seria de 600 milh&otilde;es de euros. A conta total para Telef&oacute;nica, portanto, sairia em 6,3 bilh&otilde;es de euros. A oferta &eacute; v&aacute;lida at&eacute; 6 de junho.<\/p>\n<p><strong>Resposta <\/strong><\/p>\n<p><\/span> <\/p>\n<p style=\"margin-bottom: 0cm\" class=\"padrao\">O conselho de administra&ccedil;&atilde;o da PT, em reuni&atilde;o realizada nesta segunda-feira, 10, rejeitou a oferta dos espanh&oacute;is. Em comunicado enviado ao &oacute;rg&atilde;o que regula o mercado de capitais portugu&ecirc;s, a operadora afirma que &quot;a Vivo &eacute; um ativo essencial para a estrat&eacute;gia da PT e a venda dessa participa&ccedil;&atilde;o iria contra as perspectivas de crescimento a longo prazo da PT&quot;.&nbsp;(<em>Da Reda&ccedil;&atilde;o<\/em>)<\/p>\n","protected":false},"excerpt":{"rendered":"<p>Reproduzido do TeleTime News &nbsp; A Telef&oacute;nica S.A. tornou p&uacute;blica nesta segunda, dia 10, uma oferta feita no dia 6 de maio para a aquisi&ccedil;&atilde;o da parcela de 50% que a Portugal Telecom tem na Brasilcel, holding que controla a Vivo. O valor oferecido foi de 5,7 bilh&otilde;es de euros. A Portugal Telecom, por sua &hellip; <a href=\"https:\/\/obscom.intervozes.org.br\/?p=24372\" class=\"more-link\">Continue lendo <span class=\"screen-reader-text\">Telef\u00f3nica faz oferta \u00e0 Portugal Telecom pela Vivo; portugueses recha\u00e7am<\/span> <span class=\"meta-nav\">&rarr;<\/span><\/a><\/p>\n","protected":false},"author":1,"featured_media":0,"comment_status":"open","ping_status":"open","sticky":false,"template":"","format":"standard","meta":{"footnotes":""},"categories":[39],"tags":[],"_links":{"self":[{"href":"https:\/\/obscom.intervozes.org.br\/index.php?rest_route=\/wp\/v2\/posts\/24372"}],"collection":[{"href":"https:\/\/obscom.intervozes.org.br\/index.php?rest_route=\/wp\/v2\/posts"}],"about":[{"href":"https:\/\/obscom.intervozes.org.br\/index.php?rest_route=\/wp\/v2\/types\/post"}],"author":[{"embeddable":true,"href":"https:\/\/obscom.intervozes.org.br\/index.php?rest_route=\/wp\/v2\/users\/1"}],"replies":[{"embeddable":true,"href":"https:\/\/obscom.intervozes.org.br\/index.php?rest_route=%2Fwp%2Fv2%2Fcomments&post=24372"}],"version-history":[{"count":0,"href":"https:\/\/obscom.intervozes.org.br\/index.php?rest_route=\/wp\/v2\/posts\/24372\/revisions"}],"wp:attachment":[{"href":"https:\/\/obscom.intervozes.org.br\/index.php?rest_route=%2Fwp%2Fv2%2Fmedia&parent=24372"}],"wp:term":[{"taxonomy":"category","embeddable":true,"href":"https:\/\/obscom.intervozes.org.br\/index.php?rest_route=%2Fwp%2Fv2%2Fcategories&post=24372"},{"taxonomy":"post_tag","embeddable":true,"href":"https:\/\/obscom.intervozes.org.br\/index.php?rest_route=%2Fwp%2Fv2%2Ftags&post=24372"}],"curies":[{"name":"wp","href":"https:\/\/api.w.org\/{rel}","templated":true}]}}