{"id":24371,"date":"2010-05-11T16:35:07","date_gmt":"2010-05-11T16:35:07","guid":{"rendered":"https:\/\/obscom.intervozes.org.br\/wordpress\/?p=24371"},"modified":"2010-05-11T16:35:07","modified_gmt":"2010-05-11T16:35:07","slug":"joao-sayad-e-eleito-presidente-da-fundacao-padre-anchieta","status":"publish","type":"post","link":"https:\/\/obscom.intervozes.org.br\/?p=24371","title":{"rendered":"Jo\u00e3o Sayad \u00e9 eleito presidente da Funda\u00e7\u00e3o Padre Anchieta"},"content":{"rendered":"<p> \t<!-- \t\t@page { margin: 2cm } \t\tP { margin-bottom: 0.21cm } \t--> \t <\/p>\n<p style=\"margin-bottom: 0cm\" class=\"padrao\"><strong>Reproduzido do Comunique-se <\/strong><\/p>\n<p style=\"margin-bottom: 0cm\" class=\"padrao\">&nbsp;<\/p>\n<p style=\"margin-bottom: 0cm\" class=\"western\"><span class=\"padrao\">O ex-secret&aacute;rio de Estado da Cultura Jo&atilde;o Sayad &eacute; o novo presidente da Funda&ccedil;&atilde;o Padre Anchieta, mantenedora da TV Cultura. Ele foi eleito com os votos de 35 dos 39 conselheiros presentes &agrave; reuni&atilde;o do Conselho Curador, na manh&atilde; desta segunda-feira (10\/05).<\/p>\n<p><\/span> <\/p>\n<p style=\"margin-bottom: 0cm\" class=\"western\"><span class=\"padrao\">Sayad assume o cargo no dia 14\/06, ocupando o cargo do jornalista Paulo Markun, que ocupava o cargo desde 2007. O novo presidente cumprir&aacute; mandato de tr&ecirc;s anos.<\/p>\n<p><\/span> <\/p>\n<p style=\"margin-bottom: 0cm\" class=\"western\"><span class=\"padrao\">Markun desistiu da reelei&ccedil;&atilde;o &agrave; presid&ecirc;ncia da funda&ccedil;&atilde;o ap&oacute;s perder o apoio do governo estadual. Em carta distribu&iacute;da aos funcion&aacute;rios, o jornalista ressaltou os projetos desenvolvidos durante sua gest&atilde;o e afirmou que voltaria, &ldquo;com alegria&rdquo;, ao jornalismo.<\/p>\n<p><\/span> <\/p>\n<p style=\"margin-bottom: 0cm\" class=\"western\"><span class=\"padrao\">A elei&ccedil;&atilde;o para a presid&ecirc;ncia do Conselho Curador foi adiada para uma reuni&atilde;o extraordin&aacute;ria que ser&aacute; marcada antes do dia 14\/06. A vota&ccedil;&atilde;o n&atilde;o foi realizada por causa de questionamentos jur&iacute;dicos sobre uma segunda candidatura, apresentada hoje para a disputa do cargo. (<em>Da Reda&ccedil;&atilde;o<\/em>)<\/span><\/p>\n","protected":false},"excerpt":{"rendered":"<p>Reproduzido do Comunique-se &nbsp; O ex-secret&aacute;rio de Estado da Cultura Jo&atilde;o Sayad &eacute; o novo presidente da Funda&ccedil;&atilde;o Padre Anchieta, mantenedora da TV Cultura. Ele foi eleito com os votos de 35 dos 39 conselheiros presentes &agrave; reuni&atilde;o do Conselho Curador, na manh&atilde; desta segunda-feira (10\/05). Sayad assume o cargo no dia 14\/06, ocupando o &hellip; <a href=\"https:\/\/obscom.intervozes.org.br\/?p=24371\" class=\"more-link\">Continue lendo <span class=\"screen-reader-text\">Jo\u00e3o Sayad \u00e9 eleito presidente da Funda\u00e7\u00e3o Padre Anchieta<\/span> <span class=\"meta-nav\">&rarr;<\/span><\/a><\/p>\n","protected":false},"author":1,"featured_media":0,"comment_status":"open","ping_status":"open","sticky":false,"template":"","format":"standard","meta":{"footnotes":""},"categories":[39],"tags":[],"_links":{"self":[{"href":"https:\/\/obscom.intervozes.org.br\/index.php?rest_route=\/wp\/v2\/posts\/24371"}],"collection":[{"href":"https:\/\/obscom.intervozes.org.br\/index.php?rest_route=\/wp\/v2\/posts"}],"about":[{"href":"https:\/\/obscom.intervozes.org.br\/index.php?rest_route=\/wp\/v2\/types\/post"}],"author":[{"embeddable":true,"href":"https:\/\/obscom.intervozes.org.br\/index.php?rest_route=\/wp\/v2\/users\/1"}],"replies":[{"embeddable":true,"href":"https:\/\/obscom.intervozes.org.br\/index.php?rest_route=%2Fwp%2Fv2%2Fcomments&post=24371"}],"version-history":[{"count":0,"href":"https:\/\/obscom.intervozes.org.br\/index.php?rest_route=\/wp\/v2\/posts\/24371\/revisions"}],"wp:attachment":[{"href":"https:\/\/obscom.intervozes.org.br\/index.php?rest_route=%2Fwp%2Fv2%2Fmedia&parent=24371"}],"wp:term":[{"taxonomy":"category","embeddable":true,"href":"https:\/\/obscom.intervozes.org.br\/index.php?rest_route=%2Fwp%2Fv2%2Fcategories&post=24371"},{"taxonomy":"post_tag","embeddable":true,"href":"https:\/\/obscom.intervozes.org.br\/index.php?rest_route=%2Fwp%2Fv2%2Ftags&post=24371"}],"curies":[{"name":"wp","href":"https:\/\/api.w.org\/{rel}","templated":true}]}}