{"id":24368,"date":"2010-05-11T10:44:04","date_gmt":"2010-05-11T10:44:04","guid":{"rendered":"https:\/\/obscom.intervozes.org.br\/wordpress\/?p=24368"},"modified":"2010-05-11T10:44:04","modified_gmt":"2010-05-11T10:44:04","slug":"banda-larga-e-o-servico-com-mais-reclamacao-na-anatel-em-2009","status":"publish","type":"post","link":"https:\/\/obscom.intervozes.org.br\/?p=24368","title":{"rendered":"Banda larga \u00e9 o servi\u00e7o com mais reclama\u00e7\u00e3o na Anatel em 2009"},"content":{"rendered":"<p> \t<!-- \t\t@page { margin: 2cm } \t\tP { margin-bottom: 0.21cm } \t--> \t <\/p>\n<p style=\"margin-bottom: 0cm\" class=\"padrao\"><strong>Reproduzido do TeleS&iacute;ntese <\/strong><\/p>\n<p style=\"margin-bottom: 0cm\" class=\"padrao\">&nbsp;<\/p>\n<p style=\"margin-bottom: 0cm\" class=\"western\"><span class=\"padrao\">Com cerca de 13 milh&otilde;es de assinantes, o Servi&ccedil;o de Comunica&ccedil;&atilde;o Multim&iacute;dia (SCM) foi o que, proporcionalmente, teve o maior n&uacute;mero de reclama&ccedil;&otilde;es no ano passado, conforme Relat&oacute;rio Anual de 2009, documento que resume as principais atividades da Anatel no ano anterior, divulgado hoje. No exerc&iacute;cio, a ag&ecirc;ncia recebeu cerca de 1,5 milh&atilde;o de reclama&ccedil;&otilde;es, sendo 45% relacionadas ao Servi&ccedil;o M&oacute;vel Pessoal, 36% ao Servi&ccedil;o Telef&ocirc;nico Fixo Comutado, 13,5% ao SCM e 4% ao servi&ccedil;o de TV por Assinatura.<\/p>\n<p>Embora concentre o maior volume de reclama&ccedil;&otilde;es, a telefonia m&oacute;vel tem a menor taxa de queixas por mil assinantes (0,351), enquanto o Servi&ccedil;o de Comunica&ccedil;&atilde;o Multim&iacute;dia concentra a maior taxa (1,512). Cobran&ccedil;a e atendimento foram os itens mais reclamados na telefonia m&oacute;vel. Na telefonia fixa, na TV por Assinatura e no Servi&ccedil;o de Comunica&ccedil;&atilde;o Multim&iacute;dia, os itens cobran&ccedil;a e reparo lideraram o ranking de reclama&ccedil;&otilde;es.<\/p>\n<p><\/span> <\/p>\n<p style=\"margin-bottom: 0cm\" class=\"western\"><span class=\"padrao\"><strong>Pados e multas<\/strong><\/p>\n<p><\/span> <\/p>\n<p style=\"margin-bottom: 0cm\" class=\"padrao\">Em 2009 a Anatel instaurou 3,6 mil Procedimentos para Apura&ccedil;&atilde;o de Descumprimento de Obriga&ccedil;&otilde;es (Pados). Os principais fatores que geraram os processos foram irregularidades ligadas &agrave; implementa&ccedil;&atilde;o da portabilidade e &agrave;s novas normas gerais sobre o Servi&ccedil;o de Atendimento ao Consumidor (SAC) por telefone. No per&iacute;odo, a Ag&ecirc;ncia julgou e encerrou 9,3 mil Pados.<\/p>\n<p>Ao longo do ano, foram aplicadas multas de R$ 88,5 milh&otilde;es e arrecadados R$ 65,5 milh&otilde;es. Do total de multas arrecadadas, 55% foram motivadas por descumprimento aos planos gerais de metas de qualidade dos servi&ccedil;os de telefonia fixa, de telefonia m&oacute;vel e de TV por Assinatura e ao Plano Geral de Metas para a Universaliza&ccedil;&atilde;o. <em>(Da Reda&ccedil;&atilde;o)<\/em><\/p>\n","protected":false},"excerpt":{"rendered":"<p>Reproduzido do TeleS&iacute;ntese &nbsp; Com cerca de 13 milh&otilde;es de assinantes, o Servi&ccedil;o de Comunica&ccedil;&atilde;o Multim&iacute;dia (SCM) foi o que, proporcionalmente, teve o maior n&uacute;mero de reclama&ccedil;&otilde;es no ano passado, conforme Relat&oacute;rio Anual de 2009, documento que resume as principais atividades da Anatel no ano anterior, divulgado hoje. No exerc&iacute;cio, a ag&ecirc;ncia recebeu cerca de &hellip; <a href=\"https:\/\/obscom.intervozes.org.br\/?p=24368\" class=\"more-link\">Continue lendo <span class=\"screen-reader-text\">Banda larga \u00e9 o servi\u00e7o com mais reclama\u00e7\u00e3o na Anatel em 2009<\/span> <span class=\"meta-nav\">&rarr;<\/span><\/a><\/p>\n","protected":false},"author":1,"featured_media":0,"comment_status":"open","ping_status":"open","sticky":false,"template":"","format":"standard","meta":{"footnotes":""},"categories":[39],"tags":[],"_links":{"self":[{"href":"https:\/\/obscom.intervozes.org.br\/index.php?rest_route=\/wp\/v2\/posts\/24368"}],"collection":[{"href":"https:\/\/obscom.intervozes.org.br\/index.php?rest_route=\/wp\/v2\/posts"}],"about":[{"href":"https:\/\/obscom.intervozes.org.br\/index.php?rest_route=\/wp\/v2\/types\/post"}],"author":[{"embeddable":true,"href":"https:\/\/obscom.intervozes.org.br\/index.php?rest_route=\/wp\/v2\/users\/1"}],"replies":[{"embeddable":true,"href":"https:\/\/obscom.intervozes.org.br\/index.php?rest_route=%2Fwp%2Fv2%2Fcomments&post=24368"}],"version-history":[{"count":0,"href":"https:\/\/obscom.intervozes.org.br\/index.php?rest_route=\/wp\/v2\/posts\/24368\/revisions"}],"wp:attachment":[{"href":"https:\/\/obscom.intervozes.org.br\/index.php?rest_route=%2Fwp%2Fv2%2Fmedia&parent=24368"}],"wp:term":[{"taxonomy":"category","embeddable":true,"href":"https:\/\/obscom.intervozes.org.br\/index.php?rest_route=%2Fwp%2Fv2%2Fcategories&post=24368"},{"taxonomy":"post_tag","embeddable":true,"href":"https:\/\/obscom.intervozes.org.br\/index.php?rest_route=%2Fwp%2Fv2%2Ftags&post=24368"}],"curies":[{"name":"wp","href":"https:\/\/api.w.org\/{rel}","templated":true}]}}