{"id":24367,"date":"2010-05-10T15:42:10","date_gmt":"2010-05-10T15:42:10","guid":{"rendered":"https:\/\/obscom.intervozes.org.br\/wordpress\/?p=24367"},"modified":"2010-05-10T15:42:10","modified_gmt":"2010-05-10T15:42:10","slug":"rogerio-santanna-e-confirmado-para-presidir-nova-telebras","status":"publish","type":"post","link":"https:\/\/obscom.intervozes.org.br\/?p=24367","title":{"rendered":"Rog\u00e9rio Santanna \u00e9 confirmado para presidir nova Telebr\u00e1s"},"content":{"rendered":"<p> \t<!-- \t\t@page { margin: 2cm } \t\tP { margin-bottom: 0.21cm } \t--> \t <\/p>\n<p style=\"margin-bottom: 0cm\" class=\"padrao\"><strong>Reproduzido do TeleS&iacute;ntese <\/strong><\/p>\n<p style=\"margin-bottom: 0cm\" class=\"padrao\">&nbsp;<\/p>\n<p style=\"margin-bottom: 0cm\" class=\"western\"><span class=\"padrao\">O secret&aacute;rio de Log&iacute;stica e Tecnologia da Informa&ccedil;&atilde;o (SLTI) do Minist&eacute;rio do Planejamento, Rog&eacute;rio Santanna, foi confirmado para a presid&ecirc;ncia da Telebr&aacute;s, estatal que ser&aacute; reativada para gerir a rede de fibras &oacute;ticas do governo, espinha dorsal do Plano Nacional de Banda Larga (PNBL).<\/p>\n<p>&ldquo;Fui convidado para o cargo e aceitei&rdquo;, disse Santanna. Mas ressaltou que sua posse depende da publica&ccedil;&atilde;o do decreto, que instituir&aacute; o PNBL, e da realiza&ccedil;&atilde;o de assembl&eacute;ia de acionistas da empresa. O decreto deve sair na pr&oacute;xima semana, enquanto a assembl&eacute;ia ter&aacute; que ser marcada pelo Minist&eacute;rio das Comunica&ccedil;&otilde;es, ao qual a estatal est&aacute; subordinada. <em>(L&uacute;cia Berbert)<\/em><\/span><\/p>\n","protected":false},"excerpt":{"rendered":"<p>Reproduzido do TeleS&iacute;ntese &nbsp; O secret&aacute;rio de Log&iacute;stica e Tecnologia da Informa&ccedil;&atilde;o (SLTI) do Minist&eacute;rio do Planejamento, Rog&eacute;rio Santanna, foi confirmado para a presid&ecirc;ncia da Telebr&aacute;s, estatal que ser&aacute; reativada para gerir a rede de fibras &oacute;ticas do governo, espinha dorsal do Plano Nacional de Banda Larga (PNBL). &ldquo;Fui convidado para o cargo e aceitei&rdquo;, &hellip; <a href=\"https:\/\/obscom.intervozes.org.br\/?p=24367\" class=\"more-link\">Continue lendo <span class=\"screen-reader-text\">Rog\u00e9rio Santanna \u00e9 confirmado para presidir nova Telebr\u00e1s<\/span> <span class=\"meta-nav\">&rarr;<\/span><\/a><\/p>\n","protected":false},"author":1,"featured_media":0,"comment_status":"open","ping_status":"open","sticky":false,"template":"","format":"standard","meta":{"footnotes":""},"categories":[39],"tags":[],"_links":{"self":[{"href":"https:\/\/obscom.intervozes.org.br\/index.php?rest_route=\/wp\/v2\/posts\/24367"}],"collection":[{"href":"https:\/\/obscom.intervozes.org.br\/index.php?rest_route=\/wp\/v2\/posts"}],"about":[{"href":"https:\/\/obscom.intervozes.org.br\/index.php?rest_route=\/wp\/v2\/types\/post"}],"author":[{"embeddable":true,"href":"https:\/\/obscom.intervozes.org.br\/index.php?rest_route=\/wp\/v2\/users\/1"}],"replies":[{"embeddable":true,"href":"https:\/\/obscom.intervozes.org.br\/index.php?rest_route=%2Fwp%2Fv2%2Fcomments&post=24367"}],"version-history":[{"count":0,"href":"https:\/\/obscom.intervozes.org.br\/index.php?rest_route=\/wp\/v2\/posts\/24367\/revisions"}],"wp:attachment":[{"href":"https:\/\/obscom.intervozes.org.br\/index.php?rest_route=%2Fwp%2Fv2%2Fmedia&parent=24367"}],"wp:term":[{"taxonomy":"category","embeddable":true,"href":"https:\/\/obscom.intervozes.org.br\/index.php?rest_route=%2Fwp%2Fv2%2Fcategories&post=24367"},{"taxonomy":"post_tag","embeddable":true,"href":"https:\/\/obscom.intervozes.org.br\/index.php?rest_route=%2Fwp%2Fv2%2Ftags&post=24367"}],"curies":[{"name":"wp","href":"https:\/\/api.w.org\/{rel}","templated":true}]}}