{"id":24362,"date":"2010-05-07T18:59:31","date_gmt":"2010-05-07T18:59:31","guid":{"rendered":"https:\/\/obscom.intervozes.org.br\/wordpress\/?p=24362"},"modified":"2010-05-07T18:59:31","modified_gmt":"2010-05-07T18:59:31","slug":"dem-anuncia-que-ja-decidiu-ir-a-justica-contra-pnbl","status":"publish","type":"post","link":"https:\/\/obscom.intervozes.org.br\/?p=24362","title":{"rendered":"DEM anuncia que j\u00e1 decidiu ir \u00e0 Justi\u00e7a contra PNBL"},"content":{"rendered":"<p> \t<!-- \t\t@page { margin: 2cm } \t\tP { margin-bottom: 0.21cm } \t--> \t <\/p>\n<p style=\"margin-bottom: 0cm\" class=\"padrao\"><strong>Reproduzido do TeleTime News <\/strong><\/p>\n<p style=\"margin-bottom: 0cm\" class=\"padrao\">&nbsp;<\/p>\n<p style=\"margin-bottom: 0cm\" class=\"padrao\">O deputado catarinense e l&iacute;der da bancada do DEM na C&acirc;mara dos Deputados, Paulo Bornhausen, anunciou que seu partido j&aacute; decidiu entrar na Justi&ccedil;a contra &quot;a decis&atilde;o do governo de reestatizar a Telebr&aacute;s&quot;. Segundo nota oficial do deputado, &quot;o partido vai esperar a edi&ccedil;&atilde;o do ato oficial do governo para decidir qual o instrumento legal ser&aacute; usado&quot;. O deputado se refere ao Plano Nacional de Banda Larga anunciado esta semana pelo governo e que ter&aacute; na estatal Telebr&aacute;s a gestora da rede p&uacute;blica de fibras &oacute;pticas e provedora de capacidade no atacado.  <\/p>\n<p style=\"margin-bottom: 0cm\" class=\"padrao\">Segundo Bornhausen, a legisla&ccedil;&atilde;o que criou a Telebr&aacute;s previa que ela funcionasse apenas como holding. &quot;Assim, para que ela cumpra os objetivos anunciados nessa quarta-feira, &eacute; preciso uma nova Lei, discutida e votada no Congresso Nacional&quot;. Com isso, segundo o deputado, o governo promove uma interfer&ecirc;ncia indevida no mercado. Segundo o parlamentar, &quot;a previs&atilde;o de desembolso de R$ 13,255 bilh&otilde;es em desonera&ccedil;&atilde;o tribut&aacute;ria, investimentos e capitaliza&ccedil;&atilde;o da Telebr&aacute;s &#8211; privatizada, mas que n&atilde;o complementou o processo por causa dos funcion&aacute;rios cedidos &agrave; Anatel&quot;, nas palavras do deputado, cria um tratamento privilegiado que causa &quot;desequil&iacute;brio na competitividade do mercado&quot;. Ressalte-se, contudo, que a Telebr&aacute;s n&atilde;o foi privatizada, e continua existindo como uma estatal. A nota do DEM critica ainda as isen&ccedil;&otilde;es tribut&aacute;rias que ser&atilde;o dadas, segundo o entendimento do partido, &agrave; Telebr&aacute;s. <em>(Da Reda&ccedil;&atilde;o)<\/em><\/p>\n","protected":false},"excerpt":{"rendered":"<p>Reproduzido do TeleTime News &nbsp; O deputado catarinense e l&iacute;der da bancada do DEM na C&acirc;mara dos Deputados, Paulo Bornhausen, anunciou que seu partido j&aacute; decidiu entrar na Justi&ccedil;a contra &quot;a decis&atilde;o do governo de reestatizar a Telebr&aacute;s&quot;. Segundo nota oficial do deputado, &quot;o partido vai esperar a edi&ccedil;&atilde;o do ato oficial do governo para &hellip; <a href=\"https:\/\/obscom.intervozes.org.br\/?p=24362\" class=\"more-link\">Continue lendo <span class=\"screen-reader-text\">DEM anuncia que j\u00e1 decidiu ir \u00e0 Justi\u00e7a contra PNBL<\/span> <span class=\"meta-nav\">&rarr;<\/span><\/a><\/p>\n","protected":false},"author":1,"featured_media":0,"comment_status":"open","ping_status":"open","sticky":false,"template":"","format":"standard","meta":{"footnotes":""},"categories":[39],"tags":[],"_links":{"self":[{"href":"https:\/\/obscom.intervozes.org.br\/index.php?rest_route=\/wp\/v2\/posts\/24362"}],"collection":[{"href":"https:\/\/obscom.intervozes.org.br\/index.php?rest_route=\/wp\/v2\/posts"}],"about":[{"href":"https:\/\/obscom.intervozes.org.br\/index.php?rest_route=\/wp\/v2\/types\/post"}],"author":[{"embeddable":true,"href":"https:\/\/obscom.intervozes.org.br\/index.php?rest_route=\/wp\/v2\/users\/1"}],"replies":[{"embeddable":true,"href":"https:\/\/obscom.intervozes.org.br\/index.php?rest_route=%2Fwp%2Fv2%2Fcomments&post=24362"}],"version-history":[{"count":0,"href":"https:\/\/obscom.intervozes.org.br\/index.php?rest_route=\/wp\/v2\/posts\/24362\/revisions"}],"wp:attachment":[{"href":"https:\/\/obscom.intervozes.org.br\/index.php?rest_route=%2Fwp%2Fv2%2Fmedia&parent=24362"}],"wp:term":[{"taxonomy":"category","embeddable":true,"href":"https:\/\/obscom.intervozes.org.br\/index.php?rest_route=%2Fwp%2Fv2%2Fcategories&post=24362"},{"taxonomy":"post_tag","embeddable":true,"href":"https:\/\/obscom.intervozes.org.br\/index.php?rest_route=%2Fwp%2Fv2%2Ftags&post=24362"}],"curies":[{"name":"wp","href":"https:\/\/api.w.org\/{rel}","templated":true}]}}