{"id":24361,"date":"2010-05-07T18:54:27","date_gmt":"2010-05-07T18:54:27","guid":{"rendered":"https:\/\/obscom.intervozes.org.br\/wordpress\/?p=24361"},"modified":"2010-05-07T18:54:27","modified_gmt":"2010-05-07T18:54:27","slug":"patroes-querem-autorregulamentacao-nas-atividades-de-imprensa","status":"publish","type":"post","link":"https:\/\/obscom.intervozes.org.br\/?p=24361","title":{"rendered":"Patr\u00f5es querem autorregulamenta\u00e7\u00e3o nas atividades de imprensa"},"content":{"rendered":"<p> \t<!-- \t\t@page { margin: 2cm } \t\tP { margin-bottom: 0.21cm } \t--> \t <\/p>\n<p style=\"margin-bottom: 0cm\" class=\"western\"><span class=\"padrao\">Autorregulamenta&ccedil;&atilde;o &eacute; a proposta da hora para os donos da m&iacute;dia. Apresentada na 5&ordf; Confer&ecirc;ncia Legislativa sobre Liberdade de Imprensa, realizada nesta ter&ccedil;a-feira (04\/05) na C&acirc;mara dos Deputados e reproduzida em outros eventos organizados por empres&aacute;rios do setor e em grande parte dos ve&iacute;culos de comunica&ccedil;&atilde;o do pa&iacute;s. Defensor da proposta, o 1&ordm; vice-presidente da Associa&ccedil;&atilde;o Nacional dos Editores de Revistas (ANER) e diretor do Grupo Abril, Sidnei Basile, atacou a proposta do Conselho Federal de Jornalismo, defendida pela FENAJ e Sindicatos de Jornalistas, caracterizando-a como cerceadora da liberdade de express&atilde;o.<\/p>\n<p><\/span> <\/p>\n<p style=\"margin-bottom: 0cm\" class=\"western\"><span class=\"padrao\">Promovida pela C&acirc;mara de Deputados em parceria com a Associa&ccedil;&atilde;o Nacional de Jornais (ANJ), Associa&ccedil;&atilde;o Brasileira de Emissoras de R&aacute;dio e Televis&atilde;o (Abert), Associa&ccedil;&atilde;o Nacional de Editores de Revistas (Aner) e a Escola Superior de Propaganda e Marketing (ESPM), a 5&ordf; Confer&ecirc;ncia Legislativa sobre Liberdade de Imprensa debateu o tema &ldquo;M&iacute;dia e Democracia Representativa&quot;.<\/p>\n<p><\/span> <\/p>\n<p style=\"margin-bottom: 0cm\" class=\"western\"><span class=\"padrao\">A proposta apresentada por Sidnei Basile j&aacute; vem sendo aventada em outros f&oacute;runs e eventos organizados pelos empres&aacute;rios de comunica&ccedil;&atilde;o. Mas ainda n&atilde;o &eacute; assumida oficialmente por algumas das entidades. Embora tenha declarado &agrave; imprensa que &eacute; &ldquo;francamente favor&aacute;vel&rdquo;, a presidente da ANJ, Judith Brito, diz que a entidade ainda est&aacute; discutindo a quest&atilde;o e ter&aacute; uma posi&ccedil;&atilde;o em breve. Indisfar&ccedil;&aacute;vel &eacute; a identidade entre tal proposi&ccedil;&atilde;o e a manifesta&ccedil;&atilde;o do ministro do STF Gilmar Mendes quando expressou, em 17 de junho do ano passado, seu voto pela derrubada da exig&ecirc;ncia do diploma como requisito para o exerc&iacute;cio do jornalismo.<\/p>\n<p><\/span> <\/p>\n<p style=\"margin-bottom: 0cm\" class=\"western\"><span class=\"padrao\">Sustentando que a autorregula&ccedil;&atilde;o &eacute; uma alternativa de aperfei&ccedil;oamento do trabalho da imprensa e de se evitar restri&ccedil;&otilde;es &agrave; circula&ccedil;&atilde;o de not&iacute;cias, Bas&iacute;le apontou a proposta de cria&ccedil;&atilde;o do Conselho Federal de Jornalismo como uma das tentativas recentes de cerceamento &agrave; liberdade de express&atilde;o. Encaminhado &agrave; C&acirc;mara dos Deputados em 2004 pelo governo Federal a pedido da FENAJ, o projeto, que recebeu emendas da pr&oacute;pria FENAJ, esclarecendo que tratava-se de um Conselho Federal de Jornalistas, foi arquivado ap&oacute;s recuo do governo &agrave;s press&otilde;es dos empres&aacute;rios de comunica&ccedil;&atilde;o e acordo de lideran&ccedil;as da C&acirc;mara.<\/p>\n<p><\/span> <\/p>\n<p style=\"margin-bottom: 0cm\" class=\"western\"><span class=\"padrao\">Naquele per&iacute;odo, al&eacute;m do CFJ, os donos da m&iacute;dia combateram a proposta de transformar a Ag&ecirc;ncia Nacional de Cinema (ANCINE), em Ag&ecirc;ncia Nacional do Cinema e Audiovisual (ANCINAV) com o indisfar&ccedil;&aacute;vel objetivo de evitar qualquer tipo de fiscaliza&ccedil;&atilde;o e regula&ccedil;&atilde;o democr&aacute;tica.<\/p>\n<p><\/span> <\/p>\n<p style=\"margin-bottom: 0cm\" class=\"western\"><span class=\"padrao\"><strong>Liberdade de empresa<\/strong><\/p>\n<p><\/span> <\/p>\n<p style=\"margin-bottom: 0cm\" class=\"padrao\">&ldquo;A proposi&ccedil;&atilde;o do Basile &eacute; a velha posi&ccedil;&atilde;o dos patr&otilde;es, que confundem deliberadamente liberdade de imprensa com liberdade de empresa&rdquo;, reagiu o presidente da FENAJ, S&eacute;rgio Murillo de Andrade. &ldquo;A autorregula&ccedil;&atilde;o que eles querem &eacute; a submiss&atilde;o da liberdade de imprensa a seus objetivos pol&iacute;ticos e econ&ocirc;micos&rdquo; completou, sustentando que a proposta do CFJ, mais que um instrumento de valoriza&ccedil;&atilde;o da profiss&atilde;o &eacute; uma iniciativa para garantir informa&ccedil;&atilde;o de qualidade &agrave; sociedade, pautada em princ&iacute;pios democr&aacute;ticos e &eacute;ticos. Para o coordenador do FNDC (F&oacute;rum Nacional Pela Democratiza&ccedil;&atilde;o da Comunica&ccedil;&atilde;o), Celso Schroder os empres&aacute;rios brasileiros seguem na contram&atilde;o da hist&oacute;ria. &ldquo;O mundo inteiro caminha para a defini&ccedil;&atilde;o de regras e normas p&uacute;blicas que assegurem a responsabilidade social da m&iacute;dia, no Brasil esse debate ou &eacute; sabotado ou manipulado grosseiramente pelo empresariado&rdquo;, denuncia Schroder.  <\/p>\n","protected":false},"excerpt":{"rendered":"<p>Autorregulamenta&ccedil;&atilde;o &eacute; a proposta da hora para os donos da m&iacute;dia. Apresentada na 5&ordf; Confer&ecirc;ncia Legislativa sobre Liberdade de Imprensa, realizada nesta ter&ccedil;a-feira (04\/05) na C&acirc;mara dos Deputados e reproduzida em outros eventos organizados por empres&aacute;rios do setor e em grande parte dos ve&iacute;culos de comunica&ccedil;&atilde;o do pa&iacute;s. Defensor da proposta, o 1&ordm; vice-presidente da &hellip; <a href=\"https:\/\/obscom.intervozes.org.br\/?p=24361\" class=\"more-link\">Continue lendo <span class=\"screen-reader-text\">Patr\u00f5es querem autorregulamenta\u00e7\u00e3o nas atividades de imprensa<\/span> <span class=\"meta-nav\">&rarr;<\/span><\/a><\/p>\n","protected":false},"author":1,"featured_media":0,"comment_status":"open","ping_status":"open","sticky":false,"template":"","format":"standard","meta":{"footnotes":""},"categories":[40],"tags":[272],"_links":{"self":[{"href":"https:\/\/obscom.intervozes.org.br\/index.php?rest_route=\/wp\/v2\/posts\/24361"}],"collection":[{"href":"https:\/\/obscom.intervozes.org.br\/index.php?rest_route=\/wp\/v2\/posts"}],"about":[{"href":"https:\/\/obscom.intervozes.org.br\/index.php?rest_route=\/wp\/v2\/types\/post"}],"author":[{"embeddable":true,"href":"https:\/\/obscom.intervozes.org.br\/index.php?rest_route=\/wp\/v2\/users\/1"}],"replies":[{"embeddable":true,"href":"https:\/\/obscom.intervozes.org.br\/index.php?rest_route=%2Fwp%2Fv2%2Fcomments&post=24361"}],"version-history":[{"count":0,"href":"https:\/\/obscom.intervozes.org.br\/index.php?rest_route=\/wp\/v2\/posts\/24361\/revisions"}],"wp:attachment":[{"href":"https:\/\/obscom.intervozes.org.br\/index.php?rest_route=%2Fwp%2Fv2%2Fmedia&parent=24361"}],"wp:term":[{"taxonomy":"category","embeddable":true,"href":"https:\/\/obscom.intervozes.org.br\/index.php?rest_route=%2Fwp%2Fv2%2Fcategories&post=24361"},{"taxonomy":"post_tag","embeddable":true,"href":"https:\/\/obscom.intervozes.org.br\/index.php?rest_route=%2Fwp%2Fv2%2Ftags&post=24361"}],"curies":[{"name":"wp","href":"https:\/\/api.w.org\/{rel}","templated":true}]}}