{"id":24360,"date":"2010-05-07T18:41:05","date_gmt":"2010-05-07T18:41:05","guid":{"rendered":"https:\/\/obscom.intervozes.org.br\/wordpress\/?p=24360"},"modified":"2010-05-07T18:41:05","modified_gmt":"2010-05-07T18:41:05","slug":"entidades-cobram-resolucoes-da-confecom-e-mantem-cnpc","status":"publish","type":"post","link":"https:\/\/obscom.intervozes.org.br\/?p=24360","title":{"rendered":"Entidades cobram resolu\u00e7\u00f5es da Confecom e mant\u00e9m CNPC"},"content":{"rendered":"<p> \t<!-- \t\t@page { margin: 2cm } \t\tP { margin-bottom: 0.21cm } \t--> \t <\/p>\n<p style=\"margin-bottom: 0cm\" class=\"western\"><span class=\"padrao\">A Comiss&atilde;o Nacional Pr&oacute;-Confer&ecirc;ncia (CNPC) fez a sua primeira reuni&atilde;o depois de realizada a Confer&ecirc;ncia Nacional de Comunica&ccedil;&atilde;o (Confecom), em dezembro do ano passado. O encontro foi realizado nesta quinta-feira (6), em Bras&iacute;lia, e contou com a participa&ccedil;&atilde;o de cerca de 13 entidades nacionais. Al&eacute;m de v&aacute;rios encaminhamentos acerca da Confecom, os presentes decidiram manter a exist&ecirc;ncia da CNPC. A pr&oacute;xima reuni&atilde;o est&aacute; agendada para dia 20 deste m&ecirc;s.<\/p>\n<p><\/span> <\/p>\n<p style=\"margin-bottom: 0cm\" class=\"western\"><span class=\"padrao\">Uma das principais preocupa&ccedil;&otilde;es das entidades que est&atilde;o na CNPC &eacute; com a falta de encaminhamentos da Confecom. Depois da Confer&ecirc;ncia, a Comiss&atilde;o Organizadora n&atilde;o chegou nem a se reunir. Por isso, a CNPC ir&aacute; encaminhar uma carta ao Minist&eacute;rio das Comunica&ccedil;&otilde;es cobrando a realiza&ccedil;&atilde;o desta reuni&atilde;o. Al&eacute;m disso, exigir&aacute; do governo que publique as resolu&ccedil;&otilde;es aprovadas no site oficial do encontro, onde estavam. Segundo as entidades da CNPC, inclusive, as resolu&ccedil;&otilde;es precisam ser revisadas. <\/p>\n<p><\/span> <\/p>\n<p style=\"margin-bottom: 0cm\" class=\"western\"><span class=\"padrao\">Tamb&eacute;m foi encaminhado uma solicita&ccedil;&atilde;o ao presidente da C&acirc;mara dos Deputados, Michel Temer, de realiza&ccedil;&atilde;o da I Confer&ecirc;ncia Legislativa sobre Liberdade de Imprensa, Express&atilde;o e Pluralidade: M&iacute;dia e Democracia Participativa; a constru&ccedil;&atilde;o de uma agenda comum para incidir no processo eleitoral e apontar programa conjunto do movimento; a realiza&ccedil;&atilde;o de um semin&aacute;rio nacional na C&acirc;mara, em 17 de junho; e a defini&ccedil;&atilde;o do dia de lutas pela implementa&ccedil;&atilde;o das resolu&ccedil;&otilde;es da Confecom (sugest&atilde;o 21 de junho). <\/p>\n<p><\/span> <\/p>\n<p style=\"margin-bottom: 0cm\" class=\"padrao\">Nesta quarta-feira (5 de maio), a Comiss&atilde;o de Ci&ecirc;ncia e Tecnologia, Comunica&ccedil;&atilde;o e Inform&aacute;tica (CCTCI) da C&acirc;mara dos Deputados aprovou requerimento de autoria da deputada Luiza Erundina (PSB-SP) solicitando Audi&ecirc;ncia P&uacute;blica para tratar da implementa&ccedil;&atilde;o das propostas aprovadas na Confecom. &ldquo;J&aacute; se passaram quase cinco meses da realiza&ccedil;&atilde;o da Confer&ecirc;ncia e n&atilde;o houve ainda nenhuma movimenta&ccedil;&atilde;o para que as resolu&ccedil;&otilde;es aprovadas, mais de 600, saiam do papel&rdquo;, reclama Erundina.  <\/p>\n","protected":false},"excerpt":{"rendered":"<p>A Comiss&atilde;o Nacional Pr&oacute;-Confer&ecirc;ncia (CNPC) fez a sua primeira reuni&atilde;o depois de realizada a Confer&ecirc;ncia Nacional de Comunica&ccedil;&atilde;o (Confecom), em dezembro do ano passado. O encontro foi realizado nesta quinta-feira (6), em Bras&iacute;lia, e contou com a participa&ccedil;&atilde;o de cerca de 13 entidades nacionais. Al&eacute;m de v&aacute;rios encaminhamentos acerca da Confecom, os presentes decidiram manter &hellip; <a href=\"https:\/\/obscom.intervozes.org.br\/?p=24360\" class=\"more-link\">Continue lendo <span class=\"screen-reader-text\">Entidades cobram resolu\u00e7\u00f5es da Confecom e mant\u00e9m CNPC<\/span> <span class=\"meta-nav\">&rarr;<\/span><\/a><\/p>\n","protected":false},"author":1,"featured_media":0,"comment_status":"open","ping_status":"open","sticky":false,"template":"","format":"standard","meta":{"footnotes":""},"categories":[39],"tags":[],"_links":{"self":[{"href":"https:\/\/obscom.intervozes.org.br\/index.php?rest_route=\/wp\/v2\/posts\/24360"}],"collection":[{"href":"https:\/\/obscom.intervozes.org.br\/index.php?rest_route=\/wp\/v2\/posts"}],"about":[{"href":"https:\/\/obscom.intervozes.org.br\/index.php?rest_route=\/wp\/v2\/types\/post"}],"author":[{"embeddable":true,"href":"https:\/\/obscom.intervozes.org.br\/index.php?rest_route=\/wp\/v2\/users\/1"}],"replies":[{"embeddable":true,"href":"https:\/\/obscom.intervozes.org.br\/index.php?rest_route=%2Fwp%2Fv2%2Fcomments&post=24360"}],"version-history":[{"count":0,"href":"https:\/\/obscom.intervozes.org.br\/index.php?rest_route=\/wp\/v2\/posts\/24360\/revisions"}],"wp:attachment":[{"href":"https:\/\/obscom.intervozes.org.br\/index.php?rest_route=%2Fwp%2Fv2%2Fmedia&parent=24360"}],"wp:term":[{"taxonomy":"category","embeddable":true,"href":"https:\/\/obscom.intervozes.org.br\/index.php?rest_route=%2Fwp%2Fv2%2Fcategories&post=24360"},{"taxonomy":"post_tag","embeddable":true,"href":"https:\/\/obscom.intervozes.org.br\/index.php?rest_route=%2Fwp%2Fv2%2Ftags&post=24360"}],"curies":[{"name":"wp","href":"https:\/\/api.w.org\/{rel}","templated":true}]}}