{"id":24353,"date":"2010-05-06T17:40:33","date_gmt":"2010-05-06T17:40:33","guid":{"rendered":"https:\/\/obscom.intervozes.org.br\/wordpress\/?p=24353"},"modified":"2010-05-06T17:40:33","modified_gmt":"2010-05-06T17:40:33","slug":"associacao-brasileira-de-antropologia-repudia-materia-publicada-na-veja","status":"publish","type":"post","link":"https:\/\/obscom.intervozes.org.br\/?p=24353","title":{"rendered":"Associa\u00e7\u00e3o Brasileira de Antropologia repudia mat\u00e9ria publicada na Veja"},"content":{"rendered":"<p>   \t \t \t \t \t<!-- \t\t@page { margin: 2cm } \t\tP { margin-bottom: 0.21cm } \t--> \t  <\/p>\n<p style=\"margin-bottom: 0cm\" class=\"padrao\"><strong>Reproduzido do Comunique-se <\/strong><\/p>\n<p>A Associa&ccedil;&atilde;o Brasileira de Antropologia (Aba) divulgou nota repudiando reportagem publicada pela <em>Veja<\/em> desta semana. De acordo com a entidade, a mat&eacute;ria foi &ldquo;desrespeitosa&rdquo; com a categoria.<\/p>\n<p>A reportagem &ldquo;A farra da antropologia oportunista&rdquo; tamb&eacute;m foi contestada pelo pesquisador Eduardo Viveiros de Castro, que acusou a revista de <a href=\"http:\/\/www.comunique-se.com.br\/conteudo\/newsshow.asp?menu=JI&amp;idnot=55682&amp;editoria=8\" target=\"_blank\">inventar uma declara&ccedil;&atilde;o sua<\/a>.<\/p>\n<p>&ldquo;A Associa&ccedil;&atilde;o Brasileira de Antropologia, em nome de seus associados, clama pelo exerc&iacute;cio de jornalismo respons&aacute;vel, exigindo respeito &agrave; atua&ccedil;&atilde;o profissional do quadro de antrop&oacute;logos dispon&iacute;vel no Brasil&rdquo;, diz a entidade.<\/p>\n<p>De acordo com a nota, os profissionais brasileiros s&atilde;o formados seguindo rigorosos padr&otilde;es cient&iacute;ficos, regidos por &ldquo;estritas diretrizes &eacute;ticas, te&oacute;ricas, epistemol&oacute;gicas e metodol&oacute;gicas, reconhecidas internacionalmente&rdquo;.<\/p>\n<p>&ldquo;A Aba reserva-se ao direito de exigir dos editores da revista semanal <em>Veja<\/em> que publique mat&eacute;ria em desagravo pelo desrespeito generalizado aos profissionais e acad&ecirc;micos da &aacute;rea&rdquo;. <em>(Reda&ccedil;&atilde;o)<\/em><\/p>\n","protected":false},"excerpt":{"rendered":"<p>Reproduzido do Comunique-se A Associa&ccedil;&atilde;o Brasileira de Antropologia (Aba) divulgou nota repudiando reportagem publicada pela Veja desta semana. De acordo com a entidade, a mat&eacute;ria foi &ldquo;desrespeitosa&rdquo; com a categoria. A reportagem &ldquo;A farra da antropologia oportunista&rdquo; tamb&eacute;m foi contestada pelo pesquisador Eduardo Viveiros de Castro, que acusou a revista de inventar uma declara&ccedil;&atilde;o sua. &hellip; <a href=\"https:\/\/obscom.intervozes.org.br\/?p=24353\" class=\"more-link\">Continue lendo <span class=\"screen-reader-text\">Associa\u00e7\u00e3o Brasileira de Antropologia repudia mat\u00e9ria publicada na Veja<\/span> <span class=\"meta-nav\">&rarr;<\/span><\/a><\/p>\n","protected":false},"author":1,"featured_media":0,"comment_status":"open","ping_status":"open","sticky":false,"template":"","format":"standard","meta":{"footnotes":""},"categories":[39],"tags":[],"_links":{"self":[{"href":"https:\/\/obscom.intervozes.org.br\/index.php?rest_route=\/wp\/v2\/posts\/24353"}],"collection":[{"href":"https:\/\/obscom.intervozes.org.br\/index.php?rest_route=\/wp\/v2\/posts"}],"about":[{"href":"https:\/\/obscom.intervozes.org.br\/index.php?rest_route=\/wp\/v2\/types\/post"}],"author":[{"embeddable":true,"href":"https:\/\/obscom.intervozes.org.br\/index.php?rest_route=\/wp\/v2\/users\/1"}],"replies":[{"embeddable":true,"href":"https:\/\/obscom.intervozes.org.br\/index.php?rest_route=%2Fwp%2Fv2%2Fcomments&post=24353"}],"version-history":[{"count":0,"href":"https:\/\/obscom.intervozes.org.br\/index.php?rest_route=\/wp\/v2\/posts\/24353\/revisions"}],"wp:attachment":[{"href":"https:\/\/obscom.intervozes.org.br\/index.php?rest_route=%2Fwp%2Fv2%2Fmedia&parent=24353"}],"wp:term":[{"taxonomy":"category","embeddable":true,"href":"https:\/\/obscom.intervozes.org.br\/index.php?rest_route=%2Fwp%2Fv2%2Fcategories&post=24353"},{"taxonomy":"post_tag","embeddable":true,"href":"https:\/\/obscom.intervozes.org.br\/index.php?rest_route=%2Fwp%2Fv2%2Ftags&post=24353"}],"curies":[{"name":"wp","href":"https:\/\/api.w.org\/{rel}","templated":true}]}}