{"id":24350,"date":"2010-05-06T17:32:15","date_gmt":"2010-05-06T17:32:15","guid":{"rendered":"https:\/\/obscom.intervozes.org.br\/wordpress\/?p=24350"},"modified":"2010-05-06T17:32:15","modified_gmt":"2010-05-06T17:32:15","slug":"pndh-nao-e-ameaca-para-os-meios-de-comunicacao-diz-sociologo","status":"publish","type":"post","link":"https:\/\/obscom.intervozes.org.br\/?p=24350","title":{"rendered":"PNDH n\u00e3o \u00e9 amea\u00e7a para os meios de comunica\u00e7\u00e3o, diz soci\u00f3logo"},"content":{"rendered":"<p>   \t \t \t \t \t<!-- \t\t@page { margin: 2cm } \t\tP { margin-bottom: 0.21cm } \t--> \t   <\/p>\n<p style=\"margin-bottom: 0cm\" class=\"padrao\">O soci&oacute;logo, jornalista e professor aposentado da Universidade de Bras&iacute;lia (UnB) Ven&iacute;cio Lima rebateu as cr&iacute;ticas feitas pela grande m&iacute;dia de que o Programa Nacional de Direitos Humanos (PNDH-3) cerceia a liberdade de imprensa e n&atilde;o &eacute; democr&aacute;tico. Segundo ele, a pr&oacute;pria Constitui&ccedil;&atilde;o, em seu artigo 221, j&aacute; prev&ecirc; a elabora&ccedil;&atilde;o de um marco legal para os ve&iacute;culos de comunica&ccedil;&atilde;o.<\/p>\n<p>&ldquo;Quem amea&ccedil;a quem? O PNDH amea&ccedil;a a liberdade de comunica&ccedil;&atilde;o ou os empres&aacute;rios que amea&ccedil;am o direito &agrave; comunica&ccedil;&atilde;o?&rdquo;, questionou Lima, durante semin&aacute;rio sobre m&iacute;dia e direitos humanos que ocorre na C&acirc;mara.<\/p>\n<p>Ven&iacute;cio Lima lembrou que a proposta de acompanhamento dos ve&iacute;culos de comunica&ccedil;&atilde;o j&aacute; estava nos planos anteriores, mas n&atilde;o havia sido contestada.<\/p>\n<p>O soci&oacute;logo ressaltou que a efetiva&ccedil;&atilde;o do plano depende da aprova&ccedil;&atilde;o de projetos de lei. No caso do ranking sobre direitos humanos e programa&ccedil;&atilde;o, tamb&eacute;m previsto no PNDH, ele disse que a iniciativa j&aacute; &eacute; realizada pela Comiss&atilde;o de Direitos Humanos e Minorias da C&acirc;mara.<\/p>\n<p><strong>Concess&otilde;es de TV<\/strong><\/p>\n<p>Lima lembrou que o PNDH prev&ecirc; a cassa&ccedil;&atilde;o de outorgas de emissoras que n&atilde;o sigam diretrizes de direitos humanos. Ele disse que, atualmente, h&aacute; dificuldades de se cassar uma concess&atilde;o. &ldquo;As empresas de comunica&ccedil;&atilde;o j&aacute; gozam de v&aacute;rios privil&eacute;gios nesse sentido&rdquo;, afirmou. Ele lembrou da exig&ecirc;ncia de qu&oacute;rum qualificado para n&atilde;o renovar as concess&otilde;es e da depend&ecirc;ncia de decis&atilde;o judicial para dar fim a uma concess&atilde;o.<\/p>\n<p>O semin&aacute;rio sobre m&iacute;dia e direitos humanos est&aacute; sendo promovido pela Comiss&atilde;o de Direitos Humanos e Minorias da C&acirc;mara. O evento ocorre no plen&aacute;rio 7.<\/p>\n<p><a href=\"http:\/\/portal.mj.gov.br\/sedh\/pndh3\/pndh3.pdf\" target=\"_blank\">Leia a &iacute;ntegra do PNDH-3<\/a> <\/p>\n<p><em>Edi&ccedil;&atilde;o: Pierre Triboli<\/em><\/p>\n","protected":false},"excerpt":{"rendered":"<p>O soci&oacute;logo, jornalista e professor aposentado da Universidade de Bras&iacute;lia (UnB) Ven&iacute;cio Lima rebateu as cr&iacute;ticas feitas pela grande m&iacute;dia de que o Programa Nacional de Direitos Humanos (PNDH-3) cerceia a liberdade de imprensa e n&atilde;o &eacute; democr&aacute;tico. Segundo ele, a pr&oacute;pria Constitui&ccedil;&atilde;o, em seu artigo 221, j&aacute; prev&ecirc; a elabora&ccedil;&atilde;o de um marco legal &hellip; <a href=\"https:\/\/obscom.intervozes.org.br\/?p=24350\" class=\"more-link\">Continue lendo <span class=\"screen-reader-text\">PNDH n\u00e3o \u00e9 amea\u00e7a para os meios de comunica\u00e7\u00e3o, diz soci\u00f3logo<\/span> <span class=\"meta-nav\">&rarr;<\/span><\/a><\/p>\n","protected":false},"author":1,"featured_media":0,"comment_status":"open","ping_status":"open","sticky":false,"template":"","format":"standard","meta":{"footnotes":""},"categories":[40],"tags":[1196],"_links":{"self":[{"href":"https:\/\/obscom.intervozes.org.br\/index.php?rest_route=\/wp\/v2\/posts\/24350"}],"collection":[{"href":"https:\/\/obscom.intervozes.org.br\/index.php?rest_route=\/wp\/v2\/posts"}],"about":[{"href":"https:\/\/obscom.intervozes.org.br\/index.php?rest_route=\/wp\/v2\/types\/post"}],"author":[{"embeddable":true,"href":"https:\/\/obscom.intervozes.org.br\/index.php?rest_route=\/wp\/v2\/users\/1"}],"replies":[{"embeddable":true,"href":"https:\/\/obscom.intervozes.org.br\/index.php?rest_route=%2Fwp%2Fv2%2Fcomments&post=24350"}],"version-history":[{"count":0,"href":"https:\/\/obscom.intervozes.org.br\/index.php?rest_route=\/wp\/v2\/posts\/24350\/revisions"}],"wp:attachment":[{"href":"https:\/\/obscom.intervozes.org.br\/index.php?rest_route=%2Fwp%2Fv2%2Fmedia&parent=24350"}],"wp:term":[{"taxonomy":"category","embeddable":true,"href":"https:\/\/obscom.intervozes.org.br\/index.php?rest_route=%2Fwp%2Fv2%2Fcategories&post=24350"},{"taxonomy":"post_tag","embeddable":true,"href":"https:\/\/obscom.intervozes.org.br\/index.php?rest_route=%2Fwp%2Fv2%2Ftags&post=24350"}],"curies":[{"name":"wp","href":"https:\/\/api.w.org\/{rel}","templated":true}]}}