{"id":24348,"date":"2010-05-06T17:14:52","date_gmt":"2010-05-06T17:14:52","guid":{"rendered":"https:\/\/obscom.intervozes.org.br\/wordpress\/?p=24348"},"modified":"2010-05-06T17:14:52","modified_gmt":"2010-05-06T17:14:52","slug":"debates-sobre-o-pl-29-na-ccj-sao-concluidos-com-manifestacoes-de-apoio","status":"publish","type":"post","link":"https:\/\/obscom.intervozes.org.br\/?p=24348","title":{"rendered":"Debates sobre o PL-29 na CCJ s\u00e3o concluidos com manifesta\u00e7\u00f5es de apoio"},"content":{"rendered":"<p>   \t \t \t \t \t<!-- \t\t@page { margin: 2cm } \t\tP { margin-bottom: 0.21cm } \t--> \t  <\/p>\n<p style=\"margin-bottom: 0cm\" class=\"padrao\">Se a vota&ccedil;&atilde;o do PL 29\/2007 ficou para a pr&oacute;xima semana, pelo menos o processo de discuss&atilde;o da mat&eacute;ria foi encerrado nesta quarta, dia 5, com manifesta&ccedil;&otilde;es de amplo apoio ao texto que veio da Comiss&atilde;o de Ci&ecirc;ncia, Tecnologia, Comunica&ccedil;&atilde;o e Inform&aacute;tica. As manifesta&ccedil;&otilde;es de apoio mais contundentes vieram do DEM. Coube ao deputado Felipe Maia (DEM\/RN) fazer a defesa da constitucionalidade do texto, a despeito de votos em separado de membros do seu partido. <\/p>\n<p>&quot;Aqui temos que nos ater aos aspectos constitucionais da mat&eacute;ria. As quest&otilde;es de m&eacute;rito foram debatidas e modificadas nas outras comiss&otilde;es&quot;, disse o deputado. Ele falou especificamente em rela&ccedil;&atilde;o &agrave;s cotas, e leu os artigos 221 e 222 da Constitui&ccedil;&atilde;o, que falam em programa&ccedil;&atilde;o de carater educativo, cultural e independente em todos os meios de comunica&ccedil;&atilde;o eletr&ocirc;nica. &quot;Do que se depreende dos artigos 221 e 222 a Constitui&ccedil;&atilde;o, est&aacute; assegurado espa&ccedil;o para a produ&ccedil;&atilde;o da cultura nacional e regional, assim como a regionaliza&ccedil;&atilde;o. N&atilde;o h&aacute; o que se falar em rela&ccedil;&atilde;o &agrave; constitucionalidade nesse ponto&quot;, afirmou <\/p>\n<p>Para o deputado, a CCJ deve seguir o relat&oacute;rio da CCTCI, inclusive no que diz respeito aos papeis da Ancine. &quot;A MP 2.228 de 2001 estabeleceu que a Ancine &eacute; uma ag&ecirc;ncia de regula&ccedil;&atilde;o, e n&atilde;o h&aacute; o que se opor ao aumento das atividades e atribui&ccedil;&otilde;es da ag&ecirc;ncia, o que est&aacute; colocado desde a sua cria&ccedil;&atilde;o&quot;.<\/p>\n<p>A deputada Solange Amaral, do DEM do Rio de Janeiro, que j&aacute; havia defendido o projeto na Comiss&atilde;o de Comunica&ccedil;&atilde;o, voltou a defend&ecirc;-lo na CCJ. Para a deputada, o projeto n&atilde;o interfere nos conte&uacute;dos. &quot;O assunto foi longamente discutido, ao longo de tr&ecirc;s anos, e n&atilde;o existe mais pol&ecirc;mica sobre esse aspecto&quot;. <\/p>\n<p>Julio Semeghini (PSDB\/SP) refor&ccedil;ou que as negocia&ccedil;&otilde;es do projeto foram feitas envolvendo diferentes grupos de comunica&ccedil;&atilde;o e telecomunica&ccedil;&otilde;es (citando as empresas nominalmente), em conjunto com produtores de conte&uacute;do e produtores independentes, e pediu a aprova&ccedil;&atilde;o do texto negociado na CCTCI. &quot;Esse projeto trata da converg&ecirc;ncia, que j&aacute; est&aacute; acontecendo e que est&aacute; sendo tratada com contratos de gaveta, em acordos entre gupos econ&ocirc;micos e setores. Esse projeto d&aacute; transpar&ecirc;ncia a esse processo&quot;, disse. Ao ser questionado pelo deputado Gerson Peres (PP\/PA) sobre o fato de que o excesso de cotas talvez engesse a sua aplica&ccedil;&atilde;o, Semeghini disse que o assunto foi muito debatido e que o projeto &quot;garante a preserva&ccedil;&atilde;o das empresas de comunica&ccedil;&atilde;o brasileiras&quot;. <\/p>\n<p>Ele disse que o projeto tamb&eacute;m assegura que o conte&uacute;do brasileiro &quot;chegue &agrave;s pessoas de maneira igual&quot; e promove a pluraliza&ccedil;&atilde;o dos conte&uacute;dos nacionais, que s&atilde;o hoje concentrados na m&atilde;o de poucos grupos, segundo o deputado. &quot;Para isso criamos um fundo de R$ 300 milh&otilde;es para que se produza conte&uacute;dos nacionais e independentes, para n&atilde;o ficarmos nas m&atilde;os dos grandes grupos de comunica&ccedil;&atilde;o&quot;.<\/p>\n","protected":false},"excerpt":{"rendered":"<p>Se a vota&ccedil;&atilde;o do PL 29\/2007 ficou para a pr&oacute;xima semana, pelo menos o processo de discuss&atilde;o da mat&eacute;ria foi encerrado nesta quarta, dia 5, com manifesta&ccedil;&otilde;es de amplo apoio ao texto que veio da Comiss&atilde;o de Ci&ecirc;ncia, Tecnologia, Comunica&ccedil;&atilde;o e Inform&aacute;tica. As manifesta&ccedil;&otilde;es de apoio mais contundentes vieram do DEM. Coube ao deputado Felipe &hellip; <a href=\"https:\/\/obscom.intervozes.org.br\/?p=24348\" class=\"more-link\">Continue lendo <span class=\"screen-reader-text\">Debates sobre o PL-29 na CCJ s\u00e3o concluidos com manifesta\u00e7\u00f5es de apoio<\/span> <span class=\"meta-nav\">&rarr;<\/span><\/a><\/p>\n","protected":false},"author":1,"featured_media":0,"comment_status":"open","ping_status":"open","sticky":false,"template":"","format":"standard","meta":{"footnotes":""},"categories":[40],"tags":[556],"_links":{"self":[{"href":"https:\/\/obscom.intervozes.org.br\/index.php?rest_route=\/wp\/v2\/posts\/24348"}],"collection":[{"href":"https:\/\/obscom.intervozes.org.br\/index.php?rest_route=\/wp\/v2\/posts"}],"about":[{"href":"https:\/\/obscom.intervozes.org.br\/index.php?rest_route=\/wp\/v2\/types\/post"}],"author":[{"embeddable":true,"href":"https:\/\/obscom.intervozes.org.br\/index.php?rest_route=\/wp\/v2\/users\/1"}],"replies":[{"embeddable":true,"href":"https:\/\/obscom.intervozes.org.br\/index.php?rest_route=%2Fwp%2Fv2%2Fcomments&post=24348"}],"version-history":[{"count":0,"href":"https:\/\/obscom.intervozes.org.br\/index.php?rest_route=\/wp\/v2\/posts\/24348\/revisions"}],"wp:attachment":[{"href":"https:\/\/obscom.intervozes.org.br\/index.php?rest_route=%2Fwp%2Fv2%2Fmedia&parent=24348"}],"wp:term":[{"taxonomy":"category","embeddable":true,"href":"https:\/\/obscom.intervozes.org.br\/index.php?rest_route=%2Fwp%2Fv2%2Fcategories&post=24348"},{"taxonomy":"post_tag","embeddable":true,"href":"https:\/\/obscom.intervozes.org.br\/index.php?rest_route=%2Fwp%2Fv2%2Ftags&post=24348"}],"curies":[{"name":"wp","href":"https:\/\/api.w.org\/{rel}","templated":true}]}}