{"id":24344,"date":"2010-05-06T16:45:11","date_gmt":"2010-05-06T16:45:11","guid":{"rendered":"https:\/\/obscom.intervozes.org.br\/wordpress\/?p=24344"},"modified":"2010-05-06T16:45:11","modified_gmt":"2010-05-06T16:45:11","slug":"em-um-ano-renuncia-fiscal-em-audiovisual-de-tv-e-de-r-45-milhoes","status":"publish","type":"post","link":"https:\/\/obscom.intervozes.org.br\/?p=24344","title":{"rendered":"Em um ano, ren\u00fancia fiscal em audiovisual de TV \u00e9 de R$ 45 milh\u00f5es"},"content":{"rendered":"<p>   \t \t \t \t \t<!-- \t\t@page { margin: 2cm } \t\tP { margin-bottom: 0.21cm } \t--> \t  <\/p>\n<p style=\"margin-bottom: 0cm\" class=\"padrao\">Em 13 meses de vig&ecirc;ncia da nova legisla&ccedil;&atilde;o, soma R$ 45,2 milh&otilde;es a ren&uacute;ncia fiscal do governo destinada a investimentos em produ&ccedil;&atilde;o nacional independente para TV nos moldes do artigo 3A da Lei do Audiovisual. Os dados s&atilde;o da Ancine (Ag&ecirc;ncia Nacional do Cinema).<\/p>\n<p>Da lista de 11 canais inscritos no benef&iacute;cio, constam duas TVs abertas. Por ordem decrescente de investimentos, a Globo fica em primeiro lugar (R$ 24,1 milh&otilde;es) e a Record, em quarto (R$ 4,8 milh&otilde;es).<\/p>\n<p>&quot;N&atilde;o temos padr&atilde;o de compara&ccedil;&atilde;o, porque a lei &eacute; nova, mas a cifra sinaliza que as emissoras v&atilde;o investir&quot;, afirma Marco Altberg, presidente da ABPITV, que re&uacute;ne os produtores independentes de televis&atilde;o.<\/p>\n<p>O artigo 3A permite &agrave;s empresas que importarem programa&ccedil;&atilde;o usar 70% do imposto devido para investir em produ&ccedil;&atilde;o audiovisual nacional independente para TV. A lei foi regulamentada em mar&ccedil;o de 2009 e o saldo da ren&uacute;ncia, computado at&eacute; 28 de abril.<\/p>\n<p>Para o presidente da Ancine, Manoel Rangel, esse &eacute; um est&iacute;mulo fundamental para romper &quot;uma cultura arraigada das emissora de televis&atilde;o de n&atilde;o trabalhar com a produ&ccedil;&atilde;o independente. &Eacute; um modelo verticalizado e centralizador da Hollywood dos anos 40&quot;.<\/p>\n<p>&quot;Com essa cabe&ccedil;a, voc&ecirc; perde fluxos criativos e mant&eacute;m ociosas pessoas que s&oacute; v&atilde;o acontecer se entrarem nas grandes redes&quot;, afirma Rangel.  <\/p>\n","protected":false},"excerpt":{"rendered":"<p>Em 13 meses de vig&ecirc;ncia da nova legisla&ccedil;&atilde;o, soma R$ 45,2 milh&otilde;es a ren&uacute;ncia fiscal do governo destinada a investimentos em produ&ccedil;&atilde;o nacional independente para TV nos moldes do artigo 3A da Lei do Audiovisual. Os dados s&atilde;o da Ancine (Ag&ecirc;ncia Nacional do Cinema). Da lista de 11 canais inscritos no benef&iacute;cio, constam duas TVs &hellip; <a href=\"https:\/\/obscom.intervozes.org.br\/?p=24344\" class=\"more-link\">Continue lendo <span class=\"screen-reader-text\">Em um ano, ren\u00fancia fiscal em audiovisual de TV \u00e9 de R$ 45 milh\u00f5es<\/span> <span class=\"meta-nav\">&rarr;<\/span><\/a><\/p>\n","protected":false},"author":1,"featured_media":0,"comment_status":"open","ping_status":"open","sticky":false,"template":"","format":"standard","meta":{"footnotes":""},"categories":[40],"tags":[234],"_links":{"self":[{"href":"https:\/\/obscom.intervozes.org.br\/index.php?rest_route=\/wp\/v2\/posts\/24344"}],"collection":[{"href":"https:\/\/obscom.intervozes.org.br\/index.php?rest_route=\/wp\/v2\/posts"}],"about":[{"href":"https:\/\/obscom.intervozes.org.br\/index.php?rest_route=\/wp\/v2\/types\/post"}],"author":[{"embeddable":true,"href":"https:\/\/obscom.intervozes.org.br\/index.php?rest_route=\/wp\/v2\/users\/1"}],"replies":[{"embeddable":true,"href":"https:\/\/obscom.intervozes.org.br\/index.php?rest_route=%2Fwp%2Fv2%2Fcomments&post=24344"}],"version-history":[{"count":0,"href":"https:\/\/obscom.intervozes.org.br\/index.php?rest_route=\/wp\/v2\/posts\/24344\/revisions"}],"wp:attachment":[{"href":"https:\/\/obscom.intervozes.org.br\/index.php?rest_route=%2Fwp%2Fv2%2Fmedia&parent=24344"}],"wp:term":[{"taxonomy":"category","embeddable":true,"href":"https:\/\/obscom.intervozes.org.br\/index.php?rest_route=%2Fwp%2Fv2%2Fcategories&post=24344"},{"taxonomy":"post_tag","embeddable":true,"href":"https:\/\/obscom.intervozes.org.br\/index.php?rest_route=%2Fwp%2Fv2%2Ftags&post=24344"}],"curies":[{"name":"wp","href":"https:\/\/api.w.org\/{rel}","templated":true}]}}