{"id":24341,"date":"2010-05-06T16:36:19","date_gmt":"2010-05-06T16:36:19","guid":{"rendered":"https:\/\/obscom.intervozes.org.br\/wordpress\/?p=24341"},"modified":"2010-05-06T16:36:19","modified_gmt":"2010-05-06T16:36:19","slug":"anatel-tera-de-antecipar-implementacao-de-acoes-regulatorias","status":"publish","type":"post","link":"https:\/\/obscom.intervozes.org.br\/?p=24341","title":{"rendered":"Anatel ter\u00e1 de antecipar implementa\u00e7\u00e3o de a\u00e7\u00f5es regulat\u00f3rias"},"content":{"rendered":"<p>   \t \t \t \t \t<!-- \t\t@page { margin: 2cm } \t\tP { margin-bottom: 0.21cm } \t--> \t  <\/p>\n<p style=\"margin-bottom: 0cm\" class=\"padrao\"><em>[T&iacute;tulo original: PNBL: Para a Anatel, dez anos em um]<\/p>\n<p><\/em>O Plano Nacional de Banda Larga (PNBL), anunciado hoje pelo governo, prev&ecirc; para a Anatel 20 a&ccedil;&otilde;es regulat&oacute;rias que dever&atilde;o ser implementadas em um ano. Segundo o assessor especial para inclus&atilde;o digital, Cezar Alvarez, os conselheiros da ag&ecirc;ncia j&aacute; se comprometeram com a agenda governamental, que pretende aumentar a competi&ccedil;&atilde;o do setor e diminuir os pre&ccedil;os ao usu&aacute;rio final. <\/p>\n<p>As a&ccedil;&otilde;es regulat&oacute;rias citadas por Alvarez s&atilde;o as mesmas previstas na minuta do decreto presidencial, antecipada pelo <em>Tele.S&iacute;ntese<\/em>. Entre elas:<\/p>\n<p>-O Plano Geral de Metas de Universaliza&ccedil;&atilde;o III dever&aacute; ampliar a capacidade do backhaul ofertado pelas concession&aacute;rias fixas, al&eacute;m de ampliar o n&uacute;mero de localidades atendidas;<\/p>\n<p>-Leil&otilde;es de frequ&ecirc;ncias que priorizem a cobertura do servi&ccedil;o, ao inv&eacute;s do pre&ccedil;o a ser pago ao governo;<\/p>\n<p>-Exig&ecirc;ncia de contrapartidas em equipamentos e tecnologias nacionais na venda de frequ&ecirc;ncias;<\/p>\n<p>-Acelerar o leil&atilde;o da banda de 450 MHz, para as &aacute;reas rurais;<\/p>\n<p>-Adotar medidas de compartilhamento das redes;<\/p>\n<p>-Lan&ccedil;ar o leil&atilde;o da banda de 3,5 GHz;<\/p>\n<p>-Regular o Operador M&oacute;vel Virtual (MVNO).<\/p>\n<p>Conforme Alvarez, algumas dessas medidas j&aacute; est&atilde;o sendo tocadas pela Anatel e outras, cuja previs&atilde;o era de implementa&ccedil;&atilde;o em m&eacute;dio e longos prazos, ser&atilde;o antecipadas.  <\/p>\n","protected":false},"excerpt":{"rendered":"<p>[T&iacute;tulo original: PNBL: Para a Anatel, dez anos em um] O Plano Nacional de Banda Larga (PNBL), anunciado hoje pelo governo, prev&ecirc; para a Anatel 20 a&ccedil;&otilde;es regulat&oacute;rias que dever&atilde;o ser implementadas em um ano. Segundo o assessor especial para inclus&atilde;o digital, Cezar Alvarez, os conselheiros da ag&ecirc;ncia j&aacute; se comprometeram com a agenda governamental, &hellip; <a href=\"https:\/\/obscom.intervozes.org.br\/?p=24341\" class=\"more-link\">Continue lendo <span class=\"screen-reader-text\">Anatel ter\u00e1 de antecipar implementa\u00e7\u00e3o de a\u00e7\u00f5es regulat\u00f3rias<\/span> <span class=\"meta-nav\">&rarr;<\/span><\/a><\/p>\n","protected":false},"author":1,"featured_media":0,"comment_status":"open","ping_status":"open","sticky":false,"template":"","format":"standard","meta":{"footnotes":""},"categories":[40],"tags":[1123],"_links":{"self":[{"href":"https:\/\/obscom.intervozes.org.br\/index.php?rest_route=\/wp\/v2\/posts\/24341"}],"collection":[{"href":"https:\/\/obscom.intervozes.org.br\/index.php?rest_route=\/wp\/v2\/posts"}],"about":[{"href":"https:\/\/obscom.intervozes.org.br\/index.php?rest_route=\/wp\/v2\/types\/post"}],"author":[{"embeddable":true,"href":"https:\/\/obscom.intervozes.org.br\/index.php?rest_route=\/wp\/v2\/users\/1"}],"replies":[{"embeddable":true,"href":"https:\/\/obscom.intervozes.org.br\/index.php?rest_route=%2Fwp%2Fv2%2Fcomments&post=24341"}],"version-history":[{"count":0,"href":"https:\/\/obscom.intervozes.org.br\/index.php?rest_route=\/wp\/v2\/posts\/24341\/revisions"}],"wp:attachment":[{"href":"https:\/\/obscom.intervozes.org.br\/index.php?rest_route=%2Fwp%2Fv2%2Fmedia&parent=24341"}],"wp:term":[{"taxonomy":"category","embeddable":true,"href":"https:\/\/obscom.intervozes.org.br\/index.php?rest_route=%2Fwp%2Fv2%2Fcategories&post=24341"},{"taxonomy":"post_tag","embeddable":true,"href":"https:\/\/obscom.intervozes.org.br\/index.php?rest_route=%2Fwp%2Fv2%2Ftags&post=24341"}],"curies":[{"name":"wp","href":"https:\/\/api.w.org\/{rel}","templated":true}]}}