{"id":24339,"date":"2010-05-06T14:45:20","date_gmt":"2010-05-06T14:45:20","guid":{"rendered":"https:\/\/obscom.intervozes.org.br\/wordpress\/?p=24339"},"modified":"2010-05-06T14:45:20","modified_gmt":"2010-05-06T14:45:20","slug":"reuniao-no-dia-11-definira-listas-triplices-para-renovacao-do-conselho-curador-da-ebc","status":"publish","type":"post","link":"https:\/\/obscom.intervozes.org.br\/?p=24339","title":{"rendered":"Reuni\u00e3o no dia 11 definir\u00e1 listas tr\u00edplices para renova\u00e7\u00e3o do Conselho Curador da EBC"},"content":{"rendered":"<p>   \t \t \t \t \t<!-- \t\t@page { margin: 2cm } \t\tP { margin-bottom: 0.21cm } \t--> \t  <\/p>\n<p style=\"margin-bottom: 0cm\" class=\"padrao\">Em reuni&atilde;o extraordin&aacute;ria marcada para a pr&oacute;xima ter&ccedil;a-feira (11), o Conselho Curador da Empresa Brasil de Comunica&ccedil;&atilde;o (EBC) definir&aacute; as listas tr&iacute;plices de candidatos para cada uma das tr&ecirc;s vagas em aberto no &oacute;rg&atilde;o. Os nomes ser&atilde;o escolhidos a partir do resultado da consulta p&uacute;blica realizada entre mar&ccedil;o e abril. As listas ser&atilde;o enviadas ao presidente Luiz In&aacute;cio Lula da Silva, que definir&aacute; o nome dos tr&ecirc;s novos conselheiros. [Saiba mais.]<\/p>\n<p>A pauta da reuni&atilde;o ainda contempla a discuss&atilde;o de par&acirc;metros para a cobertura das elei&ccedil;&otilde;es pelos ve&iacute;culos da EBC e a metodologia da pr&oacute;xima audi&ecirc;ncia p&uacute;blica do Conselho Curador. A audi&ecirc;ncia ser&aacute; realizada em 1&ordm; de junho na sede da EBC no Rio de Janeiro e tratar&aacute; da programa&ccedil;&atilde;o da TV Brasil e das emissoras de r&aacute;dio da empresa.<\/p>\n<p>O encontro do dia 11 tamb&eacute;m servir&aacute; para dar posse &agrave; conselheira Helo&iacute;sa Maria Murgel Starling no Conselho Curador. Vice-reitora da Universidade Federal de Minas Gerais (UFMG) de 2006 a 2010, Helo&iacute;sa Starling &eacute; doutora em ci&ecirc;ncia pol&iacute;tica, hist&oacute;ria e comunica&ccedil;&atilde;o e &eacute; professora da UFMG desde 1982. Seu mandato no CC ir&aacute; at&eacute; o dia 2 de dezembro de 2011.  <\/p>\n","protected":false},"excerpt":{"rendered":"<p>Em reuni&atilde;o extraordin&aacute;ria marcada para a pr&oacute;xima ter&ccedil;a-feira (11), o Conselho Curador da Empresa Brasil de Comunica&ccedil;&atilde;o (EBC) definir&aacute; as listas tr&iacute;plices de candidatos para cada uma das tr&ecirc;s vagas em aberto no &oacute;rg&atilde;o. Os nomes ser&atilde;o escolhidos a partir do resultado da consulta p&uacute;blica realizada entre mar&ccedil;o e abril. As listas ser&atilde;o enviadas ao &hellip; <a href=\"https:\/\/obscom.intervozes.org.br\/?p=24339\" class=\"more-link\">Continue lendo <span class=\"screen-reader-text\">Reuni\u00e3o no dia 11 definir\u00e1 listas tr\u00edplices para renova\u00e7\u00e3o do Conselho Curador da EBC<\/span> <span class=\"meta-nav\">&rarr;<\/span><\/a><\/p>\n","protected":false},"author":1,"featured_media":0,"comment_status":"open","ping_status":"open","sticky":false,"template":"","format":"standard","meta":{"footnotes":""},"categories":[39],"tags":[],"_links":{"self":[{"href":"https:\/\/obscom.intervozes.org.br\/index.php?rest_route=\/wp\/v2\/posts\/24339"}],"collection":[{"href":"https:\/\/obscom.intervozes.org.br\/index.php?rest_route=\/wp\/v2\/posts"}],"about":[{"href":"https:\/\/obscom.intervozes.org.br\/index.php?rest_route=\/wp\/v2\/types\/post"}],"author":[{"embeddable":true,"href":"https:\/\/obscom.intervozes.org.br\/index.php?rest_route=\/wp\/v2\/users\/1"}],"replies":[{"embeddable":true,"href":"https:\/\/obscom.intervozes.org.br\/index.php?rest_route=%2Fwp%2Fv2%2Fcomments&post=24339"}],"version-history":[{"count":0,"href":"https:\/\/obscom.intervozes.org.br\/index.php?rest_route=\/wp\/v2\/posts\/24339\/revisions"}],"wp:attachment":[{"href":"https:\/\/obscom.intervozes.org.br\/index.php?rest_route=%2Fwp%2Fv2%2Fmedia&parent=24339"}],"wp:term":[{"taxonomy":"category","embeddable":true,"href":"https:\/\/obscom.intervozes.org.br\/index.php?rest_route=%2Fwp%2Fv2%2Fcategories&post=24339"},{"taxonomy":"post_tag","embeddable":true,"href":"https:\/\/obscom.intervozes.org.br\/index.php?rest_route=%2Fwp%2Fv2%2Ftags&post=24339"}],"curies":[{"name":"wp","href":"https:\/\/api.w.org\/{rel}","templated":true}]}}