{"id":24337,"date":"2010-05-04T18:39:29","date_gmt":"2010-05-04T18:39:29","guid":{"rendered":"https:\/\/obscom.intervozes.org.br\/wordpress\/?p=24337"},"modified":"2010-05-04T18:39:29","modified_gmt":"2010-05-04T18:39:29","slug":"fundacao-padre-anchieta-testa-padrao-europeu-de-radio-digital","status":"publish","type":"post","link":"https:\/\/obscom.intervozes.org.br\/?p=24337","title":{"rendered":"Funda\u00e7\u00e3o Padre Anchieta testa padr\u00e3o europeu de r\u00e1dio digital"},"content":{"rendered":"<p>   \t \t \t \t \t<!-- \t\t@page { margin: 2cm } \t\tP { margin-bottom: 0.21cm } \t--> \t  <\/p>\n<p style=\"margin-bottom: 0cm\" class=\"padrao\">A Anatel expediu autoriza&ccedil;&atilde;o &agrave; Funda&ccedil;&atilde;o Padre Anchieta, entidade mantenedora da TV e R&aacute;dio Cultura, para a realiza&ccedil;&atilde;o de testes do Sistema de Radiodifus&atilde;o Sonora Digital DRM &ndash; Digital Radio Mondiale, padr&atilde;o desenvolvido na Europa. Os testes ser&atilde;o feitos na freq&uuml;&ecirc;ncia 26,040 MHz, com largura de faixa do sinal digital que ser&aacute; radiado entre 10 kHz e 20 kHz, em S&atilde;o Paulo.<\/p>\n<p>Os testes ser&atilde;o realizados por per&iacute;odo de um ano, mas poder&atilde;o ser ampliados por igual prazo, e visam subsidiar a escolha do padr&atilde;o a ser adotado pelo pa&iacute;s. Os experimentos ser&atilde;o suspensos caso fique constatada a ocorr&ecirc;ncia de interfer&ecirc;ncias prejudiciais em esta&ccedil;&otilde;es de radiocomunica&ccedil;&otilde;es regularmente autorizadas e instaladas.<\/p>\n<p>No final do m&ecirc;s de mar&ccedil;o, portaria publicada pelo Minist&eacute;rio das Comunica&ccedil;&otilde;es divulgou as orienta&ccedil;&otilde;es t&eacute;cnicas do que deve ter o modelo de r&aacute;dio digital a ser implantado no Brasil. Um dos requisitos estabelecidos &eacute; que o padr&atilde;o a ser adotado atenda simultaneamente aos sistemas AM e FM, evitando que o consumidor tenha de comprar diferentes aparelhos para cada sistema.<\/p>\n<p>Segundo o Minicom, at&eacute; o momento, os dois padr&otilde;es testados &ndash; o DRM europeu e o IBOC americano &ndash; n&atilde;o atendem a todas as exig&ecirc;ncias t&eacute;cnicas. De acordo com os testes j&aacute; realizados, os sistemas digitais existentes no mundo hoje n&atilde;o trazem uma qualidade muito superior a da apresentada pelas FMs (Frequ&ecirc;ncia Modulada) anal&oacute;gicas.<\/p>\n<p>O padr&atilde;o europeu, o DRM (Digital Radio Mondiale), tamb&eacute;m tem a prefer&ecirc;ncia do governo por ser um sistema aberto, o que abre a possibilidade de transfer&ecirc;ncia de tecnologia.&nbsp; padr&atilde;o norte-americano, o IBOC (In-Band-On-Channel), j&aacute; testado no Brasil, al&eacute;m de depender do pagamento de royalties para sua utiliza&ccedil;&atilde;o, apresenta dificuldades nas transmiss&otilde;es em Ondas M&eacute;dias e Curtas, onde h&aacute; maior interesse do governo.<\/p>\n","protected":false},"excerpt":{"rendered":"<p>A Anatel expediu autoriza&ccedil;&atilde;o &agrave; Funda&ccedil;&atilde;o Padre Anchieta, entidade mantenedora da TV e R&aacute;dio Cultura, para a realiza&ccedil;&atilde;o de testes do Sistema de Radiodifus&atilde;o Sonora Digital DRM &ndash; Digital Radio Mondiale, padr&atilde;o desenvolvido na Europa. Os testes ser&atilde;o feitos na freq&uuml;&ecirc;ncia 26,040 MHz, com largura de faixa do sinal digital que ser&aacute; radiado entre 10 &hellip; <a href=\"https:\/\/obscom.intervozes.org.br\/?p=24337\" class=\"more-link\">Continue lendo <span class=\"screen-reader-text\">Funda\u00e7\u00e3o Padre Anchieta testa padr\u00e3o europeu de r\u00e1dio digital<\/span> <span class=\"meta-nav\">&rarr;<\/span><\/a><\/p>\n","protected":false},"author":1,"featured_media":0,"comment_status":"open","ping_status":"open","sticky":false,"template":"","format":"standard","meta":{"footnotes":""},"categories":[40],"tags":[1211],"_links":{"self":[{"href":"https:\/\/obscom.intervozes.org.br\/index.php?rest_route=\/wp\/v2\/posts\/24337"}],"collection":[{"href":"https:\/\/obscom.intervozes.org.br\/index.php?rest_route=\/wp\/v2\/posts"}],"about":[{"href":"https:\/\/obscom.intervozes.org.br\/index.php?rest_route=\/wp\/v2\/types\/post"}],"author":[{"embeddable":true,"href":"https:\/\/obscom.intervozes.org.br\/index.php?rest_route=\/wp\/v2\/users\/1"}],"replies":[{"embeddable":true,"href":"https:\/\/obscom.intervozes.org.br\/index.php?rest_route=%2Fwp%2Fv2%2Fcomments&post=24337"}],"version-history":[{"count":0,"href":"https:\/\/obscom.intervozes.org.br\/index.php?rest_route=\/wp\/v2\/posts\/24337\/revisions"}],"wp:attachment":[{"href":"https:\/\/obscom.intervozes.org.br\/index.php?rest_route=%2Fwp%2Fv2%2Fmedia&parent=24337"}],"wp:term":[{"taxonomy":"category","embeddable":true,"href":"https:\/\/obscom.intervozes.org.br\/index.php?rest_route=%2Fwp%2Fv2%2Fcategories&post=24337"},{"taxonomy":"post_tag","embeddable":true,"href":"https:\/\/obscom.intervozes.org.br\/index.php?rest_route=%2Fwp%2Fv2%2Ftags&post=24337"}],"curies":[{"name":"wp","href":"https:\/\/api.w.org\/{rel}","templated":true}]}}