{"id":24332,"date":"2010-05-04T18:00:27","date_gmt":"2010-05-04T18:00:27","guid":{"rendered":"https:\/\/obscom.intervozes.org.br\/wordpress\/?p=24332"},"modified":"2010-05-04T18:00:27","modified_gmt":"2010-05-04T18:00:27","slug":"debatedores-defendem-autorregulacao-da-imprensa-em-conferencia","status":"publish","type":"post","link":"https:\/\/obscom.intervozes.org.br\/?p=24332","title":{"rendered":"Debatedores defendem autorregula\u00e7\u00e3o da imprensa em confer\u00eancia"},"content":{"rendered":"<p>   \t \t \t \t \t<!-- \t\t@page { margin: 2cm } \t\tP { margin-bottom: 0.21cm } \t--> \t   <\/p>\n<p style=\"margin-bottom: 0cm\" class=\"padrao\">A autorregula&ccedil;&atilde;o das atividades da imprensa pode ser um caminho para consolidar a liberdade de express&atilde;o e evitar excessos cometidos pelos ve&iacute;culos de comunica&ccedil;&atilde;o, na opini&atilde;o de jornalistas e deputados. O assunto, em discuss&atilde;o desde o ano passado no meio jornal&iacute;stico, foi debatido nesta ter&ccedil;a-feira (4) na 5&ordf; Confer&ecirc;ncia Legislativa sobre Liberdade de Imprensa, realizada na C&acirc;mara em comemora&ccedil;&atilde;o ao Dia Mundial da Liberdade de Imprensa (3 de maio).<\/p>\n<p>Para o vice-presidente de Rela&ccedil;&otilde;es Institucionais do Grupo Abril, Sidnei Basile, a autorregula&ccedil;&atilde;o deve ser feita urgentemente, pois ela &#8211; e n&atilde;o a lei &#8211; deve definir os rituais de conduta que pautar&atilde;o os jornalistas.<\/p>\n<p>O deputado Osmar Serraglio (PMDB-PR), que participou do semin&aacute;rio como debatedor, criticou as &ldquo;interfer&ecirc;ncias externas&rdquo; na imprensa e defendeu a autorregulamenta&ccedil;&atilde;o. O tema j&aacute; tinha sido levantado por representantes de ve&iacute;culos de comunica&ccedil;&atilde;o durante o evento.<\/p>\n<p>Paulo Delgado (PT-MG), que tamb&eacute;m debateu o assunto, disse que a autorregula&ccedil;&atilde;o deve ser resultado de debates entre a pr&oacute;pria imprensa e seus usu&aacute;rios. Ele defende que os princ&iacute;pios adotados pelos ve&iacute;culos de comunica&ccedil;&atilde;o n&atilde;o devem ser determinados pelo Estado.<\/p>\n<p><strong>Direito consolidado<\/strong><\/p>\n<p>Na opini&atilde;o do jornalista e professor da Universidade de S&atilde;o Paulo (USP) Eug&ecirc;nio Bucci, a liberdade de imprensa &eacute; um direito absoluto, que deve preceder os outros direitos. Para ele, a imprensa deve se manifestar sem qualquer tipo de controle pr&eacute;vio do Estado, e cabe aos &oacute;rg&atilde;os de comunica&ccedil;&atilde;o responder posteriormente pelo que veiculam.<\/p>\n<p>Para o presidente da C&acirc;mara, Michel Temer, a imprensa livre e o Poder Legislativo soberano s&atilde;o os dois suportes da democracia. &quot;Apesar de isso ser uma obviedade, &eacute; preciso sempre repeti-la para que n&atilde;o esque&ccedil;amos o quanto essa liberdade custou para a hist&oacute;ria dos povos&quot;, afirmou. Em resposta a jornalistas, Temer disse n&atilde;o ser necess&aacute;rio os candidatos &agrave; Presid&ecirc;ncia da Rep&uacute;blica firmarem compromisso com a liberdade de imprensa, pois esse princ&iacute;pio &eacute; garantido pela Constitui&ccedil;&atilde;o Federal.<\/p>\n<p><strong>Controle do jornalismo<\/strong><\/p>\n<p>Apesar do reconhecimento da liberdade de imprensa como direito consolidado, o representante do Grupo Abril na confer&ecirc;ncia, Sidnei Basile, alertou para poss&iacute;veis atos de cerceamento ao jornalismo. Ele criticou, por exemplo, as diretrizes resultantes da 1&ordf; Confer&ecirc;ncia Nacional de Comunica&ccedil;&atilde;o, realizada em dezembro de 2009 em Bras&iacute;lia. O governo prop&ocirc;s, no encontro, medidas como auditoria em todas as emissoras de TV e cria&ccedil;&atilde;o de um conselho gestor para decidir sobre a qualidade da programa&ccedil;&atilde;o midi&aacute;tica. Para o representante do Grupo Abril, essas propostas visam a controlar a atividade jornal&iacute;stica.<\/p>\n<p>&quot;A Lei de Imprensa n&atilde;o existe mais. N&atilde;o h&aacute; como fazer a revis&atilde;o do regime de plena liberdade de imprensa que existe entre n&oacute;s. N&atilde;o &eacute; o Estado que fiscaliza a imprensa, mas a imprensa que fiscaliza o Estado&quot;, disse Basile, lembrando que a Lei de Imprensa foi revogada em 2009 pelo Supremo Tribunal Federal.<\/p>\n<p>O deputado Jos&eacute; Geno&iacute;no (PT-SP) minimizou as cr&iacute;ticas de Basile e disse que as diretrizes da Confer&ecirc;ncia de Comunica&ccedil;&atilde;o n&atilde;o colocam em risco a liberdade de imprensa. Segundo ele, os documentos resultantes do encontro &quot;n&atilde;o t&ecirc;m poder de fogo&quot;.<\/p>\n<p><em>Edi&ccedil;&atilde;o &#8211; Murilo Souza<\/em><\/p>\n","protected":false},"excerpt":{"rendered":"<p>A autorregula&ccedil;&atilde;o das atividades da imprensa pode ser um caminho para consolidar a liberdade de express&atilde;o e evitar excessos cometidos pelos ve&iacute;culos de comunica&ccedil;&atilde;o, na opini&atilde;o de jornalistas e deputados. O assunto, em discuss&atilde;o desde o ano passado no meio jornal&iacute;stico, foi debatido nesta ter&ccedil;a-feira (4) na 5&ordf; Confer&ecirc;ncia Legislativa sobre Liberdade de Imprensa, realizada &hellip; <a href=\"https:\/\/obscom.intervozes.org.br\/?p=24332\" class=\"more-link\">Continue lendo <span class=\"screen-reader-text\">Debatedores defendem autorregula\u00e7\u00e3o da imprensa em confer\u00eancia<\/span> <span class=\"meta-nav\">&rarr;<\/span><\/a><\/p>\n","protected":false},"author":1,"featured_media":0,"comment_status":"open","ping_status":"open","sticky":false,"template":"","format":"standard","meta":{"footnotes":""},"categories":[40],"tags":[271],"_links":{"self":[{"href":"https:\/\/obscom.intervozes.org.br\/index.php?rest_route=\/wp\/v2\/posts\/24332"}],"collection":[{"href":"https:\/\/obscom.intervozes.org.br\/index.php?rest_route=\/wp\/v2\/posts"}],"about":[{"href":"https:\/\/obscom.intervozes.org.br\/index.php?rest_route=\/wp\/v2\/types\/post"}],"author":[{"embeddable":true,"href":"https:\/\/obscom.intervozes.org.br\/index.php?rest_route=\/wp\/v2\/users\/1"}],"replies":[{"embeddable":true,"href":"https:\/\/obscom.intervozes.org.br\/index.php?rest_route=%2Fwp%2Fv2%2Fcomments&post=24332"}],"version-history":[{"count":0,"href":"https:\/\/obscom.intervozes.org.br\/index.php?rest_route=\/wp\/v2\/posts\/24332\/revisions"}],"wp:attachment":[{"href":"https:\/\/obscom.intervozes.org.br\/index.php?rest_route=%2Fwp%2Fv2%2Fmedia&parent=24332"}],"wp:term":[{"taxonomy":"category","embeddable":true,"href":"https:\/\/obscom.intervozes.org.br\/index.php?rest_route=%2Fwp%2Fv2%2Fcategories&post=24332"},{"taxonomy":"post_tag","embeddable":true,"href":"https:\/\/obscom.intervozes.org.br\/index.php?rest_route=%2Fwp%2Fv2%2Ftags&post=24332"}],"curies":[{"name":"wp","href":"https:\/\/api.w.org\/{rel}","templated":true}]}}