{"id":24331,"date":"2010-05-04T17:34:32","date_gmt":"2010-05-04T17:34:32","guid":{"rendered":"https:\/\/obscom.intervozes.org.br\/wordpress\/?p=24331"},"modified":"2010-05-04T17:34:32","modified_gmt":"2010-05-04T17:34:32","slug":"seminario-politicas-publicas-de-comunicacao-divulgara-17o-ranking-da-baixaria-na-tv","status":"publish","type":"post","link":"https:\/\/obscom.intervozes.org.br\/?p=24331","title":{"rendered":"Semin\u00e1rio Pol\u00edticas P\u00fablicas de Comunica\u00e7\u00e3o divulgar\u00e1 17\u00ba Ranking da Baixaria na TV"},"content":{"rendered":"<p>   \t \t \t \t \t<!-- \t\t@page { margin: 2cm } \t\tP { margin-bottom: 0.21cm } \t--> \t  <\/p>\n<p style=\"margin-bottom: 0cm\" class=\"padrao\">A Campanha Quem Financia a Baixaria &eacute;&nbsp; Contra a Cidadania, ligada &agrave; Comiss&atilde;o de Direitos Humanos e Minorias da C&acirc;mara, realiza nesta quinta feira (6), a partir das 9h30, o semin&aacute;rio Pol&iacute;ticas P&uacute;blicas de Comunica&ccedil;&atilde;o. Na ocasi&atilde;o, tamb&eacute;m ser&aacute; lan&ccedil;ado o 17&ordm; Ranking da Baixaria na TV.<\/p>\n<p>O semin&aacute;rio ir&aacute; debater tamb&eacute;m as quest&otilde;es do 3&ordm; Programa Nacional de Direitos Humanos ligadas &agrave; comunica&ccedil;&atilde;o.&nbsp;O PNDH3 prop&otilde;e, na sua diretriz 22, a garantia do direito &agrave;&nbsp;comunica&ccedil;&atilde;o democr&aacute;tica e o acesso &agrave; informa&ccedil;&atilde;o para a consolida&ccedil;&atilde;o de uma cultura de direitos humanos. O programa tamb&eacute;m ressalta o papel fundamental dos meios de comunica&ccedil;&atilde;o na promo&ccedil;&atilde;o dos direitos humanos.<\/p>\n<p>Participar&atilde;o do evento o soci&oacute;logo,&nbsp; jornalista e professor aposentado da UnB, Ven&iacute;cio A. de Lima, a presidente da Associa&ccedil;&atilde;o Brasileira de Pesquisadores de Mercado Opini&atilde;o e M&iacute;dia, Rachel Moreno, e a jornalista e diretora da TV Comunit&aacute;ria de Niter&oacute;i, Cl&aacute;udia Abreu.&nbsp;<\/p>\n<p>A cada quatro meses, a campanha &ldquo;Quem Financia a Baixaria &eacute; Contra a Cidadania&rdquo; divulga o ranking dos programas mais criticados e denunciados pelos telespectadores. Os cinco programas que recebem o maior n&uacute;mero de den&uacute;ncias pelo site da campanha s&atilde;o analisados e encaminhados para elabora&ccedil;&atilde;o de pareceres t&eacute;cnicos.&nbsp;<\/p>\n<p>Para mais informa&ccedil;&otilde;es sobre a campanha e o semin&aacute;rio, acesse o site:&nbsp;<a href=\"http:\/\/www.eticanatv.org.br\/\">www.eticanatv.org.br<\/a><\/p>\n<p>O evento ser&aacute; transmitido ao vivo pelo site&nbsp;<a href=\"http:\/\/www.camara.gov.br\/\">www.camara.gov.br<\/a>&nbsp;&ndash; menu &ldquo;Atividade Legislativa \/ WebC&acirc;mara&rdquo;.<\/p>\n","protected":false},"excerpt":{"rendered":"<p>A Campanha Quem Financia a Baixaria &eacute;&nbsp; Contra a Cidadania, ligada &agrave; Comiss&atilde;o de Direitos Humanos e Minorias da C&acirc;mara, realiza nesta quinta feira (6), a partir das 9h30, o semin&aacute;rio Pol&iacute;ticas P&uacute;blicas de Comunica&ccedil;&atilde;o. Na ocasi&atilde;o, tamb&eacute;m ser&aacute; lan&ccedil;ado o 17&ordm; Ranking da Baixaria na TV. O semin&aacute;rio ir&aacute; debater tamb&eacute;m as quest&otilde;es do &hellip; <a href=\"https:\/\/obscom.intervozes.org.br\/?p=24331\" class=\"more-link\">Continue lendo <span class=\"screen-reader-text\">Semin\u00e1rio Pol\u00edticas P\u00fablicas de Comunica\u00e7\u00e3o divulgar\u00e1 17\u00ba Ranking da Baixaria na TV<\/span> <span class=\"meta-nav\">&rarr;<\/span><\/a><\/p>\n","protected":false},"author":1,"featured_media":0,"comment_status":"open","ping_status":"open","sticky":false,"template":"","format":"standard","meta":{"footnotes":""},"categories":[39],"tags":[],"_links":{"self":[{"href":"https:\/\/obscom.intervozes.org.br\/index.php?rest_route=\/wp\/v2\/posts\/24331"}],"collection":[{"href":"https:\/\/obscom.intervozes.org.br\/index.php?rest_route=\/wp\/v2\/posts"}],"about":[{"href":"https:\/\/obscom.intervozes.org.br\/index.php?rest_route=\/wp\/v2\/types\/post"}],"author":[{"embeddable":true,"href":"https:\/\/obscom.intervozes.org.br\/index.php?rest_route=\/wp\/v2\/users\/1"}],"replies":[{"embeddable":true,"href":"https:\/\/obscom.intervozes.org.br\/index.php?rest_route=%2Fwp%2Fv2%2Fcomments&post=24331"}],"version-history":[{"count":0,"href":"https:\/\/obscom.intervozes.org.br\/index.php?rest_route=\/wp\/v2\/posts\/24331\/revisions"}],"wp:attachment":[{"href":"https:\/\/obscom.intervozes.org.br\/index.php?rest_route=%2Fwp%2Fv2%2Fmedia&parent=24331"}],"wp:term":[{"taxonomy":"category","embeddable":true,"href":"https:\/\/obscom.intervozes.org.br\/index.php?rest_route=%2Fwp%2Fv2%2Fcategories&post=24331"},{"taxonomy":"post_tag","embeddable":true,"href":"https:\/\/obscom.intervozes.org.br\/index.php?rest_route=%2Fwp%2Fv2%2Ftags&post=24331"}],"curies":[{"name":"wp","href":"https:\/\/api.w.org\/{rel}","templated":true}]}}