{"id":24330,"date":"2010-05-04T17:00:01","date_gmt":"2010-05-04T17:00:01","guid":{"rendered":"https:\/\/obscom.intervozes.org.br\/wordpress\/?p=24330"},"modified":"2010-05-04T17:00:01","modified_gmt":"2010-05-04T17:00:01","slug":"frente-nacional-de-prefeitos-cria-comissao-voltada-para-comunicacao","status":"publish","type":"post","link":"https:\/\/obscom.intervozes.org.br\/?p=24330","title":{"rendered":"Frente Nacional de Prefeitos cria comiss\u00e3o voltada para comunica\u00e7\u00e3o"},"content":{"rendered":"<p>   \t \t \t \t \t<!-- \t\t@page { margin: 2cm } \t\tP { margin-bottom: 0.21cm } \t--> \t  <\/p>\n<p style=\"margin-bottom: 0cm\" class=\"padrao\">Embora o governo federal n&atilde;o d&ecirc; prosseguimento formal aos encaminhamentos da 1&ordf; Confer&ecirc;ncia Nacional de Comunica&ccedil;&atilde;o (Confecom), outras pe&ccedil;as se movem no tabuleiro das pol&iacute;ticas de comunica&ccedil;&atilde;o no pa&iacute;s. A Comiss&atilde;o de Secret&aacute;rios e Gestores de Comunica&ccedil;&atilde;o surge como um novo espa&ccedil;o de discuss&atilde;o de pol&iacute;ticas p&uacute;blicas para a &aacute;rea. A comiss&atilde;o foi criada durante encontro realizado na 57&ordf; Reuni&atilde;o Geral da Frente Nacional de Prefeitos (FNP), entre os dias 25 e 27 de abril, na cidade de Florian&oacute;polis.<\/p>\n<p>O encontro de gestores de comunica&ccedil;&atilde;o reuniu um n&uacute;mero pequeno de representantes das prefeituras brasileiras, mas o saldo das discuss&otilde;es foi positivo frente a atual conjuntura de pouca participa&ccedil;&atilde;o dos munic&iacute;pios para aplicar pol&iacute;ticas p&uacute;blicas no setor. Na avalia&ccedil;&atilde;o de Ruth Reis, secret&aacute;ria de comunica&ccedil;&atilde;o de Vit&oacute;ria (ES), o processo da Confecom estimulou a cria&ccedil;&atilde;o da comiss&atilde;o, pois apontou uma agenda a ser respondida pelo Estado. &nbsp;A expectativa da representante capixaba &eacute; que este novo espa&ccedil;o consiga &ldquo;articular os gestores para o papel do munic&iacute;pio na efetiva&ccedil;&atilde;o da comunica&ccedil;&atilde;o como direito em prol da cidadania e de governos participativos&rdquo;. &nbsp;<\/p>\n<p>A atividade na capital catarinense teve participa&ccedil;&atilde;o de tr&ecirc;s palestrantes, que estimularam a reflex&atilde;o sobre o vasto leque de atua&ccedil;&atilde;o das prefeituras. A grande aus&ecirc;ncia foi do convidado Marcelo Bechara, procurador da Ag&ecirc;ncia Nacional de Telecomunica&ccedil;&atilde;o (Anatel) e coordenador da Confecom, ent&atilde;o como representante do Minist&eacute;rio das Comunica&ccedil;&otilde;es (Minicom).<\/p>\n<p>Elizabeth Brand&atilde;o, professora vinculada a Universidade de Brasilia (UnB), enfatizou a necessidade dos gestores se apropriarem das redes sociais e novas tecnologias da informa&ccedil;&atilde;o. Para ela, &eacute; necess&aacute;rio que o poder p&uacute;blico atualize-se nestes fluxos de comunica&ccedil;&atilde;o para entrar em contato com a sociedade. Elizabeth tamb&eacute;m mencionou a import&acirc;ncia da forma&ccedil;&atilde;o de Conselhos de Comunica&ccedil;&atilde;o nas cidades.<\/p>\n<p>Neste sentido, Pedro Carib&eacute;, do Intervozes &#8211; Coletivo Brasil de Comunica&ccedil;&atilde;o Social, sugeriu que os gestores trocassem experi&ecirc;ncias para a forma&ccedil;&atilde;o de Conselhos de Comunica&ccedil;&atilde;o. Ele ressaltou a crescente reivindica&ccedil;&atilde;o para que a comunica&ccedil;&atilde;o seja compreendida como direito pelos governantes, o que inclui os prefeitos e secret&aacute;rios. Algumas das &aacute;reas em que as prefeituras podem atuar foram enumeradas por Carib&eacute;, como por exemplo o incentivo &agrave; diversidade cultural e pol&iacute;tica nas &aacute;reas de abrang&ecirc;ncia, al&eacute;m da implanta&ccedil;&atilde;o de pol&iacute;ticas de governo eletr&ocirc;nico e demais mecanismos de transpar&ecirc;ncia e participa&ccedil;&atilde;o.<\/p>\n<p>No plano pol&iacute;tico, o representante do Intervozes lembrou a import&acirc;ncia da FNP nos debates pela revis&atilde;o do marco regulat&oacute;rio do setor e a emerg&ecirc;ncia dos munic&iacute;pios ingressarem em discuss&otilde;es centrais para o setor das comunica&ccedil;&otilde;es, como a Plano Nacional de Banda Larga e a TV Digital.&nbsp;<\/p>\n<p>Por fim, Maur&iacute;cio Lara, do Instituto Ver Pesquisa e Comunica&ccedil;&atilde;o, abordou o cotidiano dos gestores e os desafios no relacionamento com a imprensa e o pr&oacute;prio poder p&uacute;blico. Lara sintetizou o quanto &eacute; dif&iacute;cil o trabalho dos profissionais que precisam estar pr&oacute;ximos ao poder constantemente.&nbsp;<\/p>\n<p><strong>Quatro diretrizes<\/strong><\/p>\n<p>No encontro durante a reuni&atilde;o da FNP, n&atilde;o faltaram men&ccedil;&otilde;es &agrave; press&atilde;o dos donos dos ve&iacute;culos que utilizam o poder pol&iacute;tico da imprensa para ampliar a participa&ccedil;&atilde;o nas cotas de publicidade e reclama&ccedil;&otilde;es em rela&ccedil;&atilde;o &agrave; falta de proximidade dos demais gestores p&uacute;blicos com a comunica&ccedil;&atilde;o. Os gestores tamb&eacute;m apontaram a necessidade de o governo federal desenvolver pol&iacute;ticas que acolham o munic&iacute;pio, como aloca&ccedil;&atilde;o de recursos e estrutura para desenvolvimento de portais na oferta de servi&ccedil;os p&uacute;blicos com seguran&ccedil;a no banco de dados.<\/p>\n<p>Algumas boas experi&ecirc;ncias tamb&eacute;m foram compartilhadas, como a impress&atilde;o do Di&aacute;rio Oficial atrav&eacute;s de cons&oacute;rcios apresentada por Jos&eacute; Roberto de Mau&aacute;, no ABC Paulista. A medida foi tomada para diminuir as rela&ccedil;&otilde;es tensas com os propriet&aacute;rios de m&iacute;dia. Em Natal, a Prefeitura investiu recentemente familiarizar todas as secretarias com o twitter e a ouvidoria.<\/p>\n<p>As quatro diretrizes apontadas pelos gestores para os trabalhos da comiss&atilde;o foram: 1) Comunica&ccedil;&atilde;o como direito e o Marco Regulat&oacute;rio; 2) Pr&aacute;ticas de comunica&ccedil;&atilde;o p&uacute;blica e governamental; 3) Comunica&ccedil;&atilde;o 2.0; e 4) Pol&iacute;ticas de Financiamento. <\/p>\n<p>Os temas ser&atilde;o abordados no pr&oacute;ximo encontro da FNP, ainda sem data marcada, mas a meta &eacute; aumentar o n&uacute;mero de prefeituras representadas e transformar a comunica&ccedil;&atilde;o num f&oacute;rum permanente dentro da institui&ccedil;&atilde;o, a exemplo de Desenvolvimento Econ&ocirc;mico, Rela&ccedil;&otilde;es Internacionais e de Pol&iacute;ticas para as Mulheres.&nbsp;<\/p>\n<p>A comiss&atilde;o tamb&eacute;m escolheu quatro coordenadores para tocar os trabalhos: Ruth Reis (Vit&oacute;ria-ES), Wilson Santos (Betim-MG), Jean Val&eacute;rio (Natal-RN) e Jos&eacute; Roberto (Mau&aacute;-SP). A primeira tarefa do escolhidos &eacute; construir uma espa&ccedil;o na internet para troca de experi&ecirc;ncia dos gestores.<\/p>\n","protected":false},"excerpt":{"rendered":"<p>Embora o governo federal n&atilde;o d&ecirc; prosseguimento formal aos encaminhamentos da 1&ordf; Confer&ecirc;ncia Nacional de Comunica&ccedil;&atilde;o (Confecom), outras pe&ccedil;as se movem no tabuleiro das pol&iacute;ticas de comunica&ccedil;&atilde;o no pa&iacute;s. A Comiss&atilde;o de Secret&aacute;rios e Gestores de Comunica&ccedil;&atilde;o surge como um novo espa&ccedil;o de discuss&atilde;o de pol&iacute;ticas p&uacute;blicas para a &aacute;rea. A comiss&atilde;o foi criada durante &hellip; <a href=\"https:\/\/obscom.intervozes.org.br\/?p=24330\" class=\"more-link\">Continue lendo <span class=\"screen-reader-text\">Frente Nacional de Prefeitos cria comiss\u00e3o voltada para comunica\u00e7\u00e3o<\/span> <span class=\"meta-nav\">&rarr;<\/span><\/a><\/p>\n","protected":false},"author":1,"featured_media":0,"comment_status":"open","ping_status":"open","sticky":false,"template":"","format":"standard","meta":{"footnotes":""},"categories":[40],"tags":[852],"_links":{"self":[{"href":"https:\/\/obscom.intervozes.org.br\/index.php?rest_route=\/wp\/v2\/posts\/24330"}],"collection":[{"href":"https:\/\/obscom.intervozes.org.br\/index.php?rest_route=\/wp\/v2\/posts"}],"about":[{"href":"https:\/\/obscom.intervozes.org.br\/index.php?rest_route=\/wp\/v2\/types\/post"}],"author":[{"embeddable":true,"href":"https:\/\/obscom.intervozes.org.br\/index.php?rest_route=\/wp\/v2\/users\/1"}],"replies":[{"embeddable":true,"href":"https:\/\/obscom.intervozes.org.br\/index.php?rest_route=%2Fwp%2Fv2%2Fcomments&post=24330"}],"version-history":[{"count":0,"href":"https:\/\/obscom.intervozes.org.br\/index.php?rest_route=\/wp\/v2\/posts\/24330\/revisions"}],"wp:attachment":[{"href":"https:\/\/obscom.intervozes.org.br\/index.php?rest_route=%2Fwp%2Fv2%2Fmedia&parent=24330"}],"wp:term":[{"taxonomy":"category","embeddable":true,"href":"https:\/\/obscom.intervozes.org.br\/index.php?rest_route=%2Fwp%2Fv2%2Fcategories&post=24330"},{"taxonomy":"post_tag","embeddable":true,"href":"https:\/\/obscom.intervozes.org.br\/index.php?rest_route=%2Fwp%2Fv2%2Ftags&post=24330"}],"curies":[{"name":"wp","href":"https:\/\/api.w.org\/{rel}","templated":true}]}}