{"id":24318,"date":"2010-04-30T15:02:25","date_gmt":"2010-04-30T15:02:25","guid":{"rendered":"https:\/\/obscom.intervozes.org.br\/wordpress\/?p=24318"},"modified":"2010-04-30T15:02:25","modified_gmt":"2010-04-30T15:02:25","slug":"a-tecnologia-avanca-mais-rapido-do-que-a-comunicacao","status":"publish","type":"post","link":"https:\/\/obscom.intervozes.org.br\/?p=24318","title":{"rendered":"\u201cA tecnologia avan\u00e7a mais r\u00e1pido do que a comunica\u00e7\u00e3o\u201d"},"content":{"rendered":"<p>   \t \t \t \t \t<!-- \t\t@page { margin: 2cm } \t\tP { margin-bottom: 0.21cm } \t--> \t  <\/p>\n<p style=\"margin-bottom: 0cm\" class=\"padrao\">A internet &eacute; mesmo a grande revolu&ccedil;&atilde;o prevista por certos te&oacute;ricos? Em seu novo livro, &ldquo;Informar n&atilde;o comunicar&rdquo; (96 pp., Editora Sulina, Porto Alegre, 2010) o soci&oacute;logo franc&ecirc;s Dominique Wolton joga um balde de &aacute;gua fria nas utopias digitais, que cravaram que as novas tecnologias iriam resolver todos os problemas da comunica&ccedil;&atilde;o. Para o prestigiado pesquisador do CNRS (Centro Nacional de Pesquisas Cient&iacute;ficas, na sigla em portugu&ecirc;s), fundador e diretor da revista Herm&egrave;s, confundiu-se os &ndash; indiscut&iacute;veis &ndash; avan&ccedil;os t&eacute;cnicos de transmiss&atilde;o da informa&ccedil;&atilde;o com a nossa capacidade de absorv&ecirc;-los e nos adaptarmos &agrave;s mudan&ccedil;as. O resultado &eacute; paradoxal: mais r&aacute;pido avan&ccedil;am as tecnologias, mais lento &eacute; o nosso progresso na comunica&ccedil;&atilde;o. <\/p>\n<p>Wolton n&atilde;o nega a import&acirc;ncia das novas ferramentas, mas desconstr&oacute;i a ilus&atilde;o de que a internet possibilitar&aacute; um conhecimento sem intermedi&aacute;rios. Ao contr&aacute;rio do espa&ccedil;o de integra&ccedil;&atilde;o e pluralidade idealizado por alguns, v&ecirc; um s&eacute;rio risco de segmenta&ccedil;&atilde;o: usu&aacute;rios isolados em suas ilhas, ou limitados a seus grupos de afinidades, incapazes de dialogar com valores diferentes dos seus.<\/p>\n<p>Antes que o acusem de conservadorismo, vale lembrar que o pensador defende, na verdade, uma vis&atilde;o mais humanista da comunica&ccedil;&atilde;o, que coloque o indiv&iacute;duo acima das tecnologias. Pede com urg&ecirc;ncia que a comunica&ccedil;&atilde;o seja vista como um projeto pol&iacute;tico e cultural, para que possa enfim produzir um melhor entendimento entre os homens num mundo cada vez mais multipolar. <\/p>\n<p><strong>Os avan&ccedil;os da comunica&ccedil;&atilde;o deflagraram a nossa dificuldade de se comunicar?<\/strong><br \/>H&aacute; um descompasso entre a velocidade e o volume de informa&ccedil;&otilde;es aos quais temos acesso todos os dias e nossa capacidade de se comunicar. As informa&ccedil;&otilde;es avan&ccedil;am r&aacute;pido, j&aacute; a comunica&ccedil;&atilde;o, muito devagar. Identificamos erroneamente as t&eacute;cnicas de comunica&ccedil;&atilde;o ao progresso, e esquecemos da complexidade do homem. A comunica&ccedil;&atilde;o &eacute; uma das apostas cient&iacute;ficas do s&eacute;culo 21: precisamos gerar nossas diferen&ccedil;as, coabitar, muito mais do que dividir o que temos em comum. O desafio &eacute; tomar consci&ecirc;ncia que a comunica&ccedil;&atilde;o deve conviver pacificamente com as novas tecnologias da mesma maneira que a ecologia. O mundo finalmente deu aten&ccedil;&atilde;o &agrave; ecologia, agora &eacute; preciso tamb&eacute;m ficar atento &agrave;s ci&ecirc;ncias sociais da comunica&ccedil;&atilde;o.<\/p>\n<p><strong>Quais s&atilde;o os maiores perigos da vis&atilde;o tecnicista da comunica&ccedil;&atilde;o?<br \/><\/strong>&Eacute; uma vis&atilde;o que cont&eacute;m riscos porque cria uma confus&atilde;o entre o que &eacute; informa&ccedil;&atilde;o e o que &eacute; comunica&ccedil;&atilde;o. N&atilde;o apenas releva a capacidade cr&iacute;tica do receptor exposto &agrave; mensagem, mas tamb&eacute;m a sua resist&ecirc;ncia a uma vis&atilde;o diferente do mundo. &Eacute; preciso aceitar a ideia de que a comunica&ccedil;&atilde;o tamb&eacute;m possui uma dimens&atilde;o pol&iacute;tica e cultural. Se aceitamos que a ecologia deve ser um assunto pol&iacute;tico, por que n&atilde;o a comunica&ccedil;&atilde;o?<\/p>\n<p><strong>Os ide&oacute;logos da revolu&ccedil;&atilde;o digital defendem que a internet pode produzir uma democracia mais direta, emancipada das institui&ccedil;&otilde;es, e que se autorregulamentaria sem a necessidade de intermedi&aacute;rios. &Eacute; uma ideia populista?<br \/><\/strong>&Eacute; uma ideia democr&aacute;tica apenas na apar&ecirc;ncia. A internet ressuscitou a utopia da democracia direta. &Eacute; ing&ecirc;nuo, porque se voc&ecirc; n&atilde;o tem intermedi&aacute;rios, &eacute; o dinheiro e as minorias que dominam. N&atilde;o existe democracia sem intermedi&aacute;rios: pol&iacute;ticos, jornalistas, professores, m&eacute;dicos&#8230; A televis&atilde;o comunit&aacute;ria existe h&aacute; pelo menos 20 anos e n&atilde;o resultou na democracia direta. A m&iacute;dia est&aacute; cada vez mais interativa, mas n&atilde;o melhorou em nada. Para que haja democracia, &eacute; preciso haver elei&ccedil;&otilde;es. Ali&aacute;s, elei&ccedil;&otilde;es servem para eliminar aquilo com o que n&atilde;o concordamos.<\/p>\n<p><strong>A internet &eacute; defendida como um agente do pluralismo. Mas o senhor v&ecirc; um risco de conformismo, submiss&atilde;o ao receptor e &agrave;s modas. At&eacute; agora, o digital contribuiu mais para uma homogeneiza&ccedil;&atilde;o da m&iacute;dia?<br \/><\/strong>A internet pode se transformar em um espa&ccedil;o onde todo mundo pensa a mesma coisa, pois cada um se fecha em sua comunidade. Mas se for regulamentada, poder&aacute; refletir o pluralismo da sociedade. Aconteceu o mesmo na hist&oacute;ria da pol&iacute;tica, da ci&ecirc;ncia ou da arte. A comunica&ccedil;&atilde;o &eacute; um projeto pol&iacute;tico. Com a internet, corremos o risco de entrar no comunitarismo: as comunidades se prendem em suas pr&oacute;prias afinidades, sem dar aten&ccedil;&atilde;o a outras possibilidades. A comunica&ccedil;&atilde;o &eacute; uma ida e volta, &eacute; preciso negociar as diferen&ccedil;as.<\/p>\n<p><strong>Em resposta &agrave; utopia de integra&ccedil;&atilde;o, o senhor aponta as &quot;solid&otilde;es interativas&quot;&#8230;<br \/><\/strong>N&atilde;o podemos negar que a internet trouxe uma abertura formid&aacute;vel. Mas depois de um tempo, pode virar pris&otilde;es individuais: as pessoas se trancam e n&atilde;o se comunicam com valores diferentes dos seus. A web &eacute; um sistema de informa&ccedil;&atilde;o baseado na demanda, enquanto as m&iacute;dias cl&aacute;ssicas se baseiam na oferta. A web n&atilde;o ultrapassa a demanda, e com isso produz uma segmenta&ccedil;&atilde;o. Por outro lado, as m&iacute;dias cl&aacute;ssicas enriquecem a demanda com a oferta.<\/p>\n<p><strong>Qual foi a verdadeira influ&ecirc;ncia da internet nas &uacute;ltimas elei&ccedil;&otilde;es presidenciais americanas?<br \/><\/strong>J&aacute; se disse muita besteira sobre a campanha de Obama. Na verdade, ele percebeu a import&acirc;ncia das redes sociais e se serviu delas. Mas era algo que j&aacute; existia muito antes, pelos meios cl&aacute;ssicos. N&atilde;o foi a internet que deu a largada para o militantismo, ela simplesmente acelerou um sentimento que j&aacute; existia na popula&ccedil;&atilde;o.<\/p>\n<p><strong>O senhor afirma que o jornalismo &eacute; uma profiss&atilde;o, exige forma&ccedil;&atilde;o. Como v&ecirc; a decis&atilde;o da Justi&ccedil;a brasileira de anular a necessidade de diploma para praticar o jornalismo no pa&iacute;s?<br \/><\/strong>O jornalismo &eacute; uma profiss&atilde;o que exige responsabilidade, uma maneira de ver o mundo. &Eacute; importante que ela mantenha as portas abertas para os mais jovens. Mas acreditar que ela pode acolher todo mundo, mesmo aqueles que n&atilde;o conhecem as dificuldades do m&eacute;tier, &eacute; uma vis&atilde;o demag&oacute;gica, que pode vulgarizar o of&iacute;cio. Quanto mais surgem novas m&iacute;dias, mais &eacute; preciso reafirmar a import&acirc;ncia dos intermedi&aacute;rios e de seu profissionalismo.<\/p>\n<p><strong>O jornalismo impresso vai acabar?<br \/><\/strong>Cada um tem seu lugar. A internet tem como aspecto positivo a sua capacidade de ser um instrumento de contrapoder e, como negativo, a sua segmenta&ccedil;&atilde;o. J&aacute; as m&iacute;dias cl&aacute;ssicas s&atilde;o positivas por se abrir a todos, mas negativas por serem generalistas demais. Precisamos de cada um dos dois em suas vis&otilde;es positivas. Cada m&iacute;dia tem sua cultura e compet&ecirc;ncia.<\/p>\n","protected":false},"excerpt":{"rendered":"<p>Soci&oacute;logo franc&ecirc;s diz que o &quot;comunitarismo&quot; da internet pode produzir segmenta&ccedil;&atilde;o e isolamento, criando &quot;pris&otilde;es individuais&quot;<\/p>\n","protected":false},"author":1,"featured_media":0,"comment_status":"open","ping_status":"open","sticky":false,"template":"","format":"standard","meta":{"footnotes":""},"categories":[43],"tags":[1315],"_links":{"self":[{"href":"https:\/\/obscom.intervozes.org.br\/index.php?rest_route=\/wp\/v2\/posts\/24318"}],"collection":[{"href":"https:\/\/obscom.intervozes.org.br\/index.php?rest_route=\/wp\/v2\/posts"}],"about":[{"href":"https:\/\/obscom.intervozes.org.br\/index.php?rest_route=\/wp\/v2\/types\/post"}],"author":[{"embeddable":true,"href":"https:\/\/obscom.intervozes.org.br\/index.php?rest_route=\/wp\/v2\/users\/1"}],"replies":[{"embeddable":true,"href":"https:\/\/obscom.intervozes.org.br\/index.php?rest_route=%2Fwp%2Fv2%2Fcomments&post=24318"}],"version-history":[{"count":0,"href":"https:\/\/obscom.intervozes.org.br\/index.php?rest_route=\/wp\/v2\/posts\/24318\/revisions"}],"wp:attachment":[{"href":"https:\/\/obscom.intervozes.org.br\/index.php?rest_route=%2Fwp%2Fv2%2Fmedia&parent=24318"}],"wp:term":[{"taxonomy":"category","embeddable":true,"href":"https:\/\/obscom.intervozes.org.br\/index.php?rest_route=%2Fwp%2Fv2%2Fcategories&post=24318"},{"taxonomy":"post_tag","embeddable":true,"href":"https:\/\/obscom.intervozes.org.br\/index.php?rest_route=%2Fwp%2Fv2%2Ftags&post=24318"}],"curies":[{"name":"wp","href":"https:\/\/api.w.org\/{rel}","templated":true}]}}