{"id":24315,"date":"2010-04-30T14:40:27","date_gmt":"2010-04-30T14:40:27","guid":{"rendered":"https:\/\/obscom.intervozes.org.br\/wordpress\/?p=24315"},"modified":"2010-04-30T14:40:27","modified_gmt":"2010-04-30T14:40:27","slug":"sindicato-do-pi-diz-que-detencao-de-jornalista-em-camara-do-maranhao-foi-ato-desumano","status":"publish","type":"post","link":"https:\/\/obscom.intervozes.org.br\/?p=24315","title":{"rendered":"Sindicato do PI diz que deten\u00e7\u00e3o de jornalista em C\u00e2mara do Maranh\u00e3o foi &#8216;ato desumano&#8217;"},"content":{"rendered":"<p>   \t \t \t \t \t<!-- \t\t@page { margin: 2cm } \t\tP { margin-bottom: 0.21cm } \t--> \t  <\/p>\n<p style=\"margin-bottom: 0cm\" class=\"padrao\">O Sindicato dos Jornalistas do Piau&iacute; repudiou a deten&ccedil;&atilde;o de Edmundo Moreira da Silva, fundador do ve&iacute;culo O Timonense, durante sess&atilde;o da C&acirc;mara dos Vereadores da cidade de Timon, na divisa entre o Maranh&atilde;o e o Piau&iacute;. Ao tentar filmar a vota&ccedil;&atilde;o de um projeto, na &uacute;ltima quarta-feira (28), Moreira se recusar a deixar o local e foi detido por desacato &agrave; autoridade. <\/p>\n<p>O jornalista se recusou a sair da C&acirc;mara, alegando que n&atilde;o precisava de autoriza&ccedil;&atilde;o para filmar, por estar em um espa&ccedil;o p&uacute;blico. Na recusa, Moreira foi algemado e levado para a Central de Flagrantes de Timon. Ele permaneceu detido por uma hora e meia no local e deve responder por desacato &agrave; autoridade. <\/p>\n<p>Para o Sindicato, a deten&ccedil;&atilde;o representa um &quot;ato desumano&quot;, um &quot;atentado &agrave; liberdade de imprensa&quot; e aos direitos individuais. &quot;O jornalista apenas fazia a cobertura jornalista da sess&atilde;o na C&acirc;mara Municipal de Timon&quot;, diz a entidade, mostrando-se solid&aacute;ria a Moreira.&nbsp; &quot;O Sindicato manifesta apoio ao mesmo no sentido de lhe garantir o reparo dos danos morais pela intimida&ccedil;&atilde;o e abuso sofrido dos agentes da Guarda Municipal de Timon e Pol&iacute;cia Militar que agiram com trucul&ecirc;ncia contra o jornalista no seu exerc&iacute;cio profissional&quot;.<\/p>\n<p>Em nota, o Sindicato classificou o incidente de &quot;lament&aacute;vel&quot; e pede que o governo do Maranh&atilde;o e a Secretaria de Seguran&ccedil;a P&uacute;blica apurem o caso, &quot;no sentido de fazer valer a &eacute;tica profissional e o bom uso do aparelho policial do Estado&quot;. <\/p>\n<p>A entidade ainda ressalta que comunicar&aacute; o caso a organiza&ccedil;&otilde;es de imprensa do Brasil e do exterior e n&atilde;o descarta acionar a Justi&ccedil;a para defender o jornalista.<\/p>\n","protected":false},"excerpt":{"rendered":"<p>O Sindicato dos Jornalistas do Piau&iacute; repudiou a deten&ccedil;&atilde;o de Edmundo Moreira da Silva, fundador do ve&iacute;culo O Timonense, durante sess&atilde;o da C&acirc;mara dos Vereadores da cidade de Timon, na divisa entre o Maranh&atilde;o e o Piau&iacute;. Ao tentar filmar a vota&ccedil;&atilde;o de um projeto, na &uacute;ltima quarta-feira (28), Moreira se recusar a deixar o &hellip; <a href=\"https:\/\/obscom.intervozes.org.br\/?p=24315\" class=\"more-link\">Continue lendo <span class=\"screen-reader-text\">Sindicato do PI diz que deten\u00e7\u00e3o de jornalista em C\u00e2mara do Maranh\u00e3o foi &#8216;ato desumano&#8217;<\/span> <span class=\"meta-nav\">&rarr;<\/span><\/a><\/p>\n","protected":false},"author":1,"featured_media":0,"comment_status":"open","ping_status":"open","sticky":false,"template":"","format":"standard","meta":{"footnotes":""},"categories":[40],"tags":[272],"_links":{"self":[{"href":"https:\/\/obscom.intervozes.org.br\/index.php?rest_route=\/wp\/v2\/posts\/24315"}],"collection":[{"href":"https:\/\/obscom.intervozes.org.br\/index.php?rest_route=\/wp\/v2\/posts"}],"about":[{"href":"https:\/\/obscom.intervozes.org.br\/index.php?rest_route=\/wp\/v2\/types\/post"}],"author":[{"embeddable":true,"href":"https:\/\/obscom.intervozes.org.br\/index.php?rest_route=\/wp\/v2\/users\/1"}],"replies":[{"embeddable":true,"href":"https:\/\/obscom.intervozes.org.br\/index.php?rest_route=%2Fwp%2Fv2%2Fcomments&post=24315"}],"version-history":[{"count":0,"href":"https:\/\/obscom.intervozes.org.br\/index.php?rest_route=\/wp\/v2\/posts\/24315\/revisions"}],"wp:attachment":[{"href":"https:\/\/obscom.intervozes.org.br\/index.php?rest_route=%2Fwp%2Fv2%2Fmedia&parent=24315"}],"wp:term":[{"taxonomy":"category","embeddable":true,"href":"https:\/\/obscom.intervozes.org.br\/index.php?rest_route=%2Fwp%2Fv2%2Fcategories&post=24315"},{"taxonomy":"post_tag","embeddable":true,"href":"https:\/\/obscom.intervozes.org.br\/index.php?rest_route=%2Fwp%2Fv2%2Ftags&post=24315"}],"curies":[{"name":"wp","href":"https:\/\/api.w.org\/{rel}","templated":true}]}}