{"id":24312,"date":"2010-04-30T14:30:33","date_gmt":"2010-04-30T14:30:33","guid":{"rendered":"https:\/\/obscom.intervozes.org.br\/wordpress\/?p=24312"},"modified":"2010-04-30T14:30:33","modified_gmt":"2010-04-30T14:30:33","slug":"para-ancine-pl-29-e-oportunidade-unica-para-atualizacao-do-marco-regulatorio-convergente","status":"publish","type":"post","link":"https:\/\/obscom.intervozes.org.br\/?p=24312","title":{"rendered":"Para Ancine, PL-29 \u00e9 oportunidade \u00fanica para atualiza\u00e7\u00e3o do marco regulat\u00f3rio convergente"},"content":{"rendered":"<p>   \t \t \t \t \t<!-- \t\t@page { margin: 2cm } \t\tP { margin-bottom: 0.21cm } \t--> \t  <\/p>\n<p style=\"margin-bottom: 0cm\" class=\"padrao\">A Ag&ecirc;ncia Nacional de Cinema n&atilde;o costuma dar declara&ccedil;&otilde;es frequentes sobre o mercado de TV por assinatura nem sobre o PL 29\/2007 (projeto de lei que cria novas regras para a TV paga). Mas esta semana, durante a conven&ccedil;&atilde;o da associa&ccedil;&atilde;o NeoTV, que aconteceu em Campinas, a Ancine foi incisiva sobre os dois temas. Para Manoel Rangel, presidente da ag&ecirc;ncia, o PL 29\/2007 est&aacute; em sintonia com tudo o que est&aacute; sendo feito no mundo em rela&ccedil;&atilde;o &agrave; atualiza&ccedil;&atilde;o do marco regulat&oacute;rio de servi&ccedil;os convergentes e de valoriza&ccedil;&atilde;o da produ&ccedil;&atilde;o nacional. &quot;A penetra&ccedil;&atilde;o de TV paga cresceu no Brasil nos &uacute;ltimos anos e hoje &eacute; de cerca de 14%, mas isso &eacute; muito pouco em rela&ccedil;&atilde;o a outros pa&iacute;ses&quot;, disse. &quot;Em um ambiente de converg&ecirc;ncia, h&aacute; em todo o mundo um esfor&ccedil;o de atualiza&ccedil;&atilde;o regulat&oacute;ria, com foco em neutralidade das redes e uma regula&ccedil;&atilde;o por camadas, separando redes e servi&ccedil;os&quot;, afirmou. &quot;O Brasil est&aacute; atrasado em rela&ccedil;&atilde;o a essa mat&eacute;ria&quot;.<\/p>\n<p>Para Manoel Rangel, a Lei do Cabo vem sofrendo &quot;dribles&quot; e os regulamentos do setor de TV paga s&atilde;o discrepantes, tudo em fun&ccedil;&atilde;o dessa defasagem regulat&oacute;ria. &quot;Vivemos um momento de grandes oportunidades, que depende de um novo marco regulat&oacute;rio, com forte presen&ccedil;a de conte&uacute;dos brasileiros e pre&ccedil;os competitivos. O entendimento desses pontos permite compreender o PL 29&quot;, afirmou. Manoel Rangel, ressaltou que n&atilde;o s&oacute; a TV por assinatura no Brasil &eacute; a mais cara do mundo, mas tamb&eacute;m a banda larga.<\/p>\n<p><strong>Cotas<\/strong><\/p>\n<p>A Ancine tamb&eacute;m voltou a defender os mecanismos de cotas para conte&uacute;dos nacionais estabelecidos no PL 29\/2007. Segundo Rangel, o desafio dos conte&uacute;dos nacionais &eacute; lidar com a realidade de conte&uacute;dos internacionais amortizados. Ele destacou a import&acirc;ncia dos mecanismos que t&ecirc;m assegurado conte&uacute;dos brasileiros em canais estrangeiros, como o artigo 39 e o artigo 3A, que permitem investimentos em coprodu&ccedil;&atilde;o. &quot;Mas o desafio &eacute; maior e &eacute; preciso garantir que o conte&uacute;do brasileiro tenha presen&ccedil;a assegurada na TV por assinatura&quot;, disse.<\/p>\n<p>Outro desafio da TV paga no Brasil, disse Rangel, &eacute; assegurar pre&ccedil;os mais competitivos ao consumidor, o que passa por uma atua&ccedil;&atilde;o regulat&oacute;ria e concorrencial mais forte.<\/p>\n<p>&quot;O PL 29 agrada a todos e desagrada a todos, mas, sobretudo, atende aos interesses dos cidad&atilde;os. Os problemas que o setor enfrenta hoje n&atilde;o desaparecer&atilde;o com o fim do PL 29, nem com o seu atraso. Ao contr&aacute;rio, os problemas v&atilde;o se agravar&quot;, disse.  <\/p>\n","protected":false},"excerpt":{"rendered":"<p>A Ag&ecirc;ncia Nacional de Cinema n&atilde;o costuma dar declara&ccedil;&otilde;es frequentes sobre o mercado de TV por assinatura nem sobre o PL 29\/2007 (projeto de lei que cria novas regras para a TV paga). Mas esta semana, durante a conven&ccedil;&atilde;o da associa&ccedil;&atilde;o NeoTV, que aconteceu em Campinas, a Ancine foi incisiva sobre os dois temas. Para &hellip; <a href=\"https:\/\/obscom.intervozes.org.br\/?p=24312\" class=\"more-link\">Continue lendo <span class=\"screen-reader-text\">Para Ancine, PL-29 \u00e9 oportunidade \u00fanica para atualiza\u00e7\u00e3o do marco regulat\u00f3rio convergente<\/span> <span class=\"meta-nav\">&rarr;<\/span><\/a><\/p>\n","protected":false},"author":1,"featured_media":0,"comment_status":"open","ping_status":"open","sticky":false,"template":"","format":"standard","meta":{"footnotes":""},"categories":[40],"tags":[556],"_links":{"self":[{"href":"https:\/\/obscom.intervozes.org.br\/index.php?rest_route=\/wp\/v2\/posts\/24312"}],"collection":[{"href":"https:\/\/obscom.intervozes.org.br\/index.php?rest_route=\/wp\/v2\/posts"}],"about":[{"href":"https:\/\/obscom.intervozes.org.br\/index.php?rest_route=\/wp\/v2\/types\/post"}],"author":[{"embeddable":true,"href":"https:\/\/obscom.intervozes.org.br\/index.php?rest_route=\/wp\/v2\/users\/1"}],"replies":[{"embeddable":true,"href":"https:\/\/obscom.intervozes.org.br\/index.php?rest_route=%2Fwp%2Fv2%2Fcomments&post=24312"}],"version-history":[{"count":0,"href":"https:\/\/obscom.intervozes.org.br\/index.php?rest_route=\/wp\/v2\/posts\/24312\/revisions"}],"wp:attachment":[{"href":"https:\/\/obscom.intervozes.org.br\/index.php?rest_route=%2Fwp%2Fv2%2Fmedia&parent=24312"}],"wp:term":[{"taxonomy":"category","embeddable":true,"href":"https:\/\/obscom.intervozes.org.br\/index.php?rest_route=%2Fwp%2Fv2%2Fcategories&post=24312"},{"taxonomy":"post_tag","embeddable":true,"href":"https:\/\/obscom.intervozes.org.br\/index.php?rest_route=%2Fwp%2Fv2%2Ftags&post=24312"}],"curies":[{"name":"wp","href":"https:\/\/api.w.org\/{rel}","templated":true}]}}