{"id":24305,"date":"2010-04-29T17:26:58","date_gmt":"2010-04-29T17:26:58","guid":{"rendered":"https:\/\/obscom.intervozes.org.br\/wordpress\/?p=24305"},"modified":"2010-04-29T17:26:58","modified_gmt":"2010-04-29T17:26:58","slug":"presidente-da-net-admite-que-nao-levara-banda-larga-a-cidades-sem-viabilidade-economica","status":"publish","type":"post","link":"https:\/\/obscom.intervozes.org.br\/?p=24305","title":{"rendered":"Presidente da Net admite que n\u00e3o levar\u00e1 banda larga a cidades sem viabilidade econ\u00f4mica"},"content":{"rendered":"<p>   \t \t \t \t \t<!-- \t\t@page { margin: 2cm } \t\tP { margin-bottom: 0.21cm } \t--> \t  <\/p>\n<p style=\"margin-bottom: 0cm\" class=\"western\"><em>[T&iacute;tulo original: &#39;A NET n&atilde;o vai levar banda larga para o interior da Amaz&ocirc;nia&#39;, afirma F&eacute;lix]<\/em><\/p>\n<p>Em resposta ao presidente da SKY, Luiz Eduardo Baptista, que ontem disse que a sua operadora de TV por sat&eacute;lite pode levar a banda larga para todo o pa&iacute;s ao pre&ccedil;o de R$ 15 bilh&otilde;es, se a Anatel liberar a faixa de 2,5 GHz para o WiMAX, o presidente da Net, Jos&eacute; F&eacute;lix, afirmou que preferia n&atilde;o ferir a intelig&ecirc;ncia de ningu&eacute;m, e por isso n&atilde;o poderia afirmar que a operadora que preside vai estar presente em todos os munic&iacute;pios brasileiros com banda larga.<\/p>\n<p>&quot;A NET n&atilde;o vai levar banda larga para o interior da Amaz&ocirc;nia&quot;, afirmou. Segundo ele, h&aacute; um importante n&uacute;mero de cidades brasileiras onde n&atilde;o existe viabilidade econ&ocirc;mica para grandes grupos atuarem, visto que eles carregam custos mais altos. &quot;O Plano de Banda Larga, com a oferta do backahaul para todos, ser&aacute; uma oportunidade para o desenvolvimento de pequenos empreendedores brasileiros&quot;, assinalou.<\/p>\n<p>Ele criticou tamb&eacute;m a Oi, que prop&ocirc;s ao governo ser a gerente e implementadora da pol&iacute;tica governamental. &quot; A Oi virou de fato a supertele, tem obriga&ccedil;&otilde;es, mas n&atilde;o pode querer ser a agente do programa, visto que existem outras empresas, como a Embratel, que poderiam pleitear a igualdade de tratamento&quot;, completou.&nbsp;  <\/p>\n<p style=\"margin-bottom: 0cm\" class=\"western\"> <\/p>\n","protected":false},"excerpt":{"rendered":"<p>[T&iacute;tulo original: &#39;A NET n&atilde;o vai levar banda larga para o interior da Amaz&ocirc;nia&#39;, afirma F&eacute;lix] Em resposta ao presidente da SKY, Luiz Eduardo Baptista, que ontem disse que a sua operadora de TV por sat&eacute;lite pode levar a banda larga para todo o pa&iacute;s ao pre&ccedil;o de R$ 15 bilh&otilde;es, se a Anatel liberar &hellip; <a href=\"https:\/\/obscom.intervozes.org.br\/?p=24305\" class=\"more-link\">Continue lendo <span class=\"screen-reader-text\">Presidente da Net admite que n\u00e3o levar\u00e1 banda larga a cidades sem viabilidade econ\u00f4mica<\/span> <span class=\"meta-nav\">&rarr;<\/span><\/a><\/p>\n","protected":false},"author":1,"featured_media":0,"comment_status":"open","ping_status":"open","sticky":false,"template":"","format":"standard","meta":{"footnotes":""},"categories":[40],"tags":[1310],"_links":{"self":[{"href":"https:\/\/obscom.intervozes.org.br\/index.php?rest_route=\/wp\/v2\/posts\/24305"}],"collection":[{"href":"https:\/\/obscom.intervozes.org.br\/index.php?rest_route=\/wp\/v2\/posts"}],"about":[{"href":"https:\/\/obscom.intervozes.org.br\/index.php?rest_route=\/wp\/v2\/types\/post"}],"author":[{"embeddable":true,"href":"https:\/\/obscom.intervozes.org.br\/index.php?rest_route=\/wp\/v2\/users\/1"}],"replies":[{"embeddable":true,"href":"https:\/\/obscom.intervozes.org.br\/index.php?rest_route=%2Fwp%2Fv2%2Fcomments&post=24305"}],"version-history":[{"count":0,"href":"https:\/\/obscom.intervozes.org.br\/index.php?rest_route=\/wp\/v2\/posts\/24305\/revisions"}],"wp:attachment":[{"href":"https:\/\/obscom.intervozes.org.br\/index.php?rest_route=%2Fwp%2Fv2%2Fmedia&parent=24305"}],"wp:term":[{"taxonomy":"category","embeddable":true,"href":"https:\/\/obscom.intervozes.org.br\/index.php?rest_route=%2Fwp%2Fv2%2Fcategories&post=24305"},{"taxonomy":"post_tag","embeddable":true,"href":"https:\/\/obscom.intervozes.org.br\/index.php?rest_route=%2Fwp%2Fv2%2Ftags&post=24305"}],"curies":[{"name":"wp","href":"https:\/\/api.w.org\/{rel}","templated":true}]}}